{"id":54480,"date":"2025-10-04T21:25:28","date_gmt":"2025-10-04T21:25:28","guid":{"rendered":"http:\/\/elcensornoticias.com\/?p=54480"},"modified":"2025-10-04T21:27:04","modified_gmt":"2025-10-04T21:27:04","slug":"inaugura-gobernadora-primer-festival-tlaxkallan-2025","status":"publish","type":"post","link":"https:\/\/elcensornoticias.com\/?p=54480","title":{"rendered":"INAUGURA GOBERNADORA PRIMER FESTIVAL TLAXKALLAN 2025"},"content":{"rendered":"\n<p>Adem\u00e1s, entrega est\u00edmulos econ\u00f3micos a los ganadores de los Premios Tlaxcala de Artes Visuales.<\/p>\n\n\n\n<p>En el marco de la conmemoraci\u00f3n de los 500 a\u00f1os de la fundaci\u00f3n de Tlaxcala, la gobernadora Lorena Cu\u00e9llar Cisneros inaugur\u00f3 el primer Festival Tlaxkallan 2025, y entreg\u00f3 reconocimientos e incentivos econ\u00f3micos a los ganadores de la edici\u00f3n XXVI de los Premios Tlaxcala de Artes Visuales \u00abMemorias de tiempos futuros\u00bb.&nbsp;<\/p>\n\n\n\n<p>Desde el Teatro Xicoht\u00e9ncatl, la mandataria record\u00f3 que sin Tlaxcala no hay M\u00e9xico, y afirm\u00f3 que el estado tambi\u00e9n escribe su historia a trav\u00e9s del arte, la memoria y las manos que crean.<\/p>\n\n\n\n<p>\u201cAh\u00ed est\u00e1 la Tlaxcala que vive, que resiste y que mira hacia el futuro. Hoy, esas memorias, esas voces y esas miradas, convergen en el Festival Tlaxkallan 2025\u201d, dijo.<\/p>\n\n\n\n<p>Ante los asistentes, Lorena Cu\u00e9llar asever\u00f3 que el Festival constituye un acontecimiento hist\u00f3rico en la vida cultural de Tlaxcala, \u201cnacido para hacer un puente entre lo que fuimos, lo que somos y lo que seremos\u00bb, mientras que los Premios Tlaxcala de Artes Visuales en su edici\u00f3n XXVI es \u00abun espejo en el que se refleja el alma de un pueblo que nunca ha dejado de crear\u201d.&nbsp;<\/p>\n\n\n\n<p>Destac\u00f3 que las y los artistas nos invitan a reflexionar sobre nuestro patrimonio, las luchas, festividades, y ese legado tlaxcalteca que, generaci\u00f3n tras generaci\u00f3n, ha trascendido m\u00e1s all\u00e1 de nuestras fronteras.&nbsp;<\/p>\n\n\n\n<p>&nbsp;\u201cUn amor que no se expresa con la espada, sino con la palabra, con el arte, con la educaci\u00f3n y con la solidaridad. Esa esencia del humanismo mexicano, la filosof\u00eda que inspira en nuestro tiempo la Cuarta Transformaci\u00f3n, que sumerge en el centro a las personas para construir un M\u00e9xico m\u00e1s justo, m\u00e1s libre y humano\u201d, a\u00f1adi\u00f3<\/p>\n\n\n\n<p>La secretaria de Cultura, Karen Villeda, inform\u00f3 que las obras ganadoras de los Premios Tlaxcala de Artes Visuales en las categor\u00edas de dibujo, pintura, grabado, fotograf\u00eda y escultura, formar\u00e1n parte del acervo de la Secretar\u00eda de Cultura del Estado, mientras que la inversi\u00f3n destinada para la premiaci\u00f3n asciende a 310 mil pesos.&nbsp;<\/p>\n\n\n\n<p>\u201cLes quiero compartir que esto es uno de los compromisos de nuestra gobernadora referente a la ense\u00f1anza de educaci\u00f3n art\u00edstica, el cual tambi\u00e9n forma parte del legado de nuestra gobernadora a nuestro estado, alineado a uno de los compromisos de la presidenta Claudia Sheinbaum, que es la ense\u00f1anza de educaci\u00f3n art\u00edstica, y aqu\u00ed, en Tlaxcala, somos pioneros gracias a la gobernadora. Es propicio anunciar que, gracias al respaldo de la gobernadora, estamos trabajando con el Instituto Nacional de Bellas Artes y Literatura para abrir un posgrado en museograf\u00eda pr\u00f3ximamente\u201d, extern\u00f3.<\/p>\n\n\n\n<p>La directora de ense\u00f1anza art\u00edstica de la Secretar\u00eda de Cultura, Helena Hern\u00e1ndez de Valle Arizpe, destac\u00f3 que, por primera vez, la entrega de estos premios se hace con recursos estatales, y es una edici\u00f3n muy significativa, porque se desarrolla en el marco de la celebraci\u00f3n de los 500 a\u00f1os de la fundaci\u00f3n de Tlaxcala.&nbsp;<\/p>\n\n\n\n<p>\u201cUna fecha que nos conmina a pensar, desde el \u00e1mbito art\u00edstico, sobre nuestra historia, llena de transformaciones y luchas sociales, tradiciones, ritos y festividades, todo este conjunto de rasgos que conforman nuestra identidad, siempre din\u00e1mica y transformadora\u201d, se\u00f1al\u00f3.<\/p>\n\n\n\n<p>En el Teatro Xicoht\u00e9ncatl,&nbsp; los galardonados de los Premios Tlaxcala de Artes Visuales fueron ovacionados. El primer lugar en la categor\u00eda de dibujo fue Erika Sabinal Cholula, por su obra \u201cRetrato, analog\u00eda sobre el mural de la batalla\u201d. El segundo lugar lo obtuvo \u00d3scar Leonardo Gonz\u00e1lez Flores, con \u201cHerencia: Lozan\u00eda y declive\u201d.<\/p>\n\n\n\n<p>En pintura, el m\u00e1ximo reconocimiento fue para Jes\u00fas Rojas Cuahutle, con la obra \u201cEcos del pasado, en el rostro del futuro\u201d. El segundo lugar correspondi\u00f3 a Rodrigo Irad Hern\u00e1ndez Silva, por \u201cLa Bodega de los matachines\u201d.<\/p>\n\n\n\n<p>En grabado, Jimena Lemus Castillo recibi\u00f3 el primer lugar por \u201cDestellos del futuro\u201d, mientras que Mar\u00eda Guarneros Alvarado, fue reconocida con el segundo lugar por su obra \u201cTerritorio Tlaxcalteca\u201d.<\/p>\n\n\n\n<p>En fotograf\u00eda, el primer lugar fue para H\u00e9ctor Andr\u00e9s Valencia Huesca, con \u201cMetamorfosis de \u00eddolos y rituales a 500 a\u00f1os de la fundaci\u00f3n de Tlaxcala\u201d. El segundo lugar lo obtuvo Jos\u00e9 Manuel Montealegre Sol\u00eds, con \u201cCharcos de ensue\u00f1o\u201d.<\/p>\n\n\n\n<p>Y en la categor\u00eda de escultura, Gregoria Garc\u00eda Nava, fue galardonada con el primer lugar por \u201cLa voz de las hijas de Tlaxcala: Ra\u00edces que florecen desde el coraz\u00f3n del ma\u00edz\u201d. El segundo lugar fue para Daniel Delgado Herrera, con su obra \u201cEn la memoria del aguacate, lo ancestral era la utop\u00eda \/ Juego para dos personas\u201d.<\/p>\n\n\n\n<p>En la ceremonia estuvieron la presidenta de la Mesa Directiva del Congreso local, Maribel Le\u00f3n Cruz, y la presidenta del Tribunal Superior de Judicial del Estado, Fanny Margarita Amador Montes, as\u00ed como familiares de los ganadores y funcionarios p\u00fablicos, entre otras personalidades.<\/p>\n","protected":false},"excerpt":{"rendered":"<p>Adem\u00e1s, entrega est\u00edmulos econ\u00f3micos a los ganadores de los Premios Tlaxcala de Artes Visuales. En el marco de la conmemoraci\u00f3n de los 500 a\u00f1os de la fundaci\u00f3n de Tlaxcala, la gobernadora Lorena Cu\u00e9llar Cisneros inaugur\u00f3 el primer Festival Tlaxkallan 2025, y entreg\u00f3 reconocimientos e incentivos econ\u00f3micos a los ganadores de la edici\u00f3n XXVI de los [&hellip;]<\/p>\n","protected":false},"author":1,"featured_media":54481,"comment_status":"open","ping_status":"open","sticky":false,"template":"","format":"standard","meta":{"advanced_seo_description":"","jetpack_seo_html_title":"","jetpack_seo_noindex":false,"footnotes":"","jetpack_publicize_message":"","jetpack_is_tweetstorm":false,"jetpack_publicize_feature_enabled":true,"jetpack_social_post_already_shared":true,"jetpack_social_options":{"image_generator_settings":{"template":"highway","enabled":false}}},"categories":[5,3],"tags":[],"class_list":["post-54480","post","type-post","status-publish","format-standard","has-post-thumbnail","hentry","category-carrucel","category-gobierno"],"jetpack_publicize_connections":[],"jetpack_featured_media_url":"https:\/\/elcensornoticias.com\/wp-content\/uploads\/2025\/10\/IMG-20251004-WA0023.jpg","jetpack_likes_enabled":true,"jetpack_sharing_enabled":true,"jetpack_shortlink":"https:\/\/wp.me\/p6xy50-eaI","_links":{"self":[{"href":"https:\/\/elcensornoticias.com\/index.php?rest_route=\/wp\/v2\/posts\/54480","targetHints":{"allow":["GET"]}}],"collection":[{"href":"https:\/\/elcensornoticias.com\/index.php?rest_route=\/wp\/v2\/posts"}],"about":[{"href":"https:\/\/elcensornoticias.com\/index.php?rest_route=\/wp\/v2\/types\/post"}],"author":[{"embeddable":true,"href":"https:\/\/elcensornoticias.com\/index.php?rest_route=\/wp\/v2\/users\/1"}],"replies":[{"embeddable":true,"href":"https:\/\/elcensornoticias.com\/index.php?rest_route=%2Fwp%2Fv2%2Fcomments&post=54480"}],"version-history":[{"count":1,"href":"https:\/\/elcensornoticias.com\/index.php?rest_route=\/wp\/v2\/posts\/54480\/revisions"}],"predecessor-version":[{"id":54482,"href":"https:\/\/elcensornoticias.com\/index.php?rest_route=\/wp\/v2\/posts\/54480\/revisions\/54482"}],"wp:featuredmedia":[{"embeddable":true,"href":"https:\/\/elcensornoticias.com\/index.php?rest_route=\/wp\/v2\/media\/54481"}],"wp:attachment":[{"href":"https:\/\/elcensornoticias.com\/index.php?rest_route=%2Fwp%2Fv2%2Fmedia&parent=54480"}],"wp:term":[{"taxonomy":"category","embeddable":true,"href":"https:\/\/elcensornoticias.com\/index.php?rest_route=%2Fwp%2Fv2%2Fcategories&post=54480"},{"taxonomy":"post_tag","embeddable":true,"href":"https:\/\/elcensornoticias.com\/index.php?rest_route=%2Fwp%2Fv2%2Ftags&post=54480"}],"curies":[{"name":"wp","href":"https:\/\/api.w.org\/{rel}","templated":true}]}}