{"id":54473,"date":"2025-10-04T21:19:42","date_gmt":"2025-10-04T21:19:42","guid":{"rendered":"http:\/\/elcensornoticias.com\/?p=54473"},"modified":"2025-10-04T21:20:19","modified_gmt":"2025-10-04T21:20:19","slug":"rt-en-espanol-llega-a-la-pantalla-del-veintidos","status":"publish","type":"post","link":"https:\/\/elcensornoticias.com\/?p=54473","title":{"rendered":"RT EN ESPA\u00d1OL LLEGA A LA PANTALLA DEL VEINTID\u00d3S"},"content":{"rendered":"\n<ul class=\"wp-block-list\">\n<li><strong>Transmisi\u00f3n de documentales y reportajes del canal internacional de noticias RT, que ahondan en campos como tecnolog\u00eda, deporte, econom\u00eda y problem\u00e1ticas sociales<\/strong><\/li>\n\n\n\n<li><strong>Estreno: martes 7 de octubre, a las 13:30 horas, por la se\u00f1al 22.1<\/strong><\/li>\n<\/ul>\n\n\n\n<p>Ciudad de M\u00e9xico, a s\u00e1bado 4 de octubre del 2025. El&nbsp;<strong>Canal de las Culturas de M\u00e9xico<\/strong>&nbsp;incorpora en su programaci\u00f3n documentales y reportajes de&nbsp;<strong>RT en Espa\u00f1ol<\/strong>, una de las principales fuentes de informaci\u00f3n alternativa en castellano a nivel mundial. Con un amplio cat\u00e1logo de programas, la audiencia podr\u00e1 disfrutar de estos materiales,&nbsp;<strong>a partir del 7 de octubre<\/strong>,&nbsp;<strong>todos los martes y los jueves<\/strong>,&nbsp;<strong>a las 13:30 horas<\/strong>.<\/p>\n\n\n\n<p><strong>Documentales RT | martes, 13:30 horas<\/strong><\/p>\n\n\n\n<p>En este espacio, RT produce documentales sobre una amplia gama de temas vigentes. El primer programa,&nbsp;<em>El futuro en tu plato<\/em>, explora los alcances de la tecnolog\u00eda en la producci\u00f3n de alimentos, en donde la comida vegetal surge como una alternativa ante la situaci\u00f3n ambiental y el crecimiento de la poblaci\u00f3n mundial. La segunda entrega,&nbsp;<em>Ardor por el hielo<\/em>, ahonda en el inter\u00e9s de los chinos por el patinaje art\u00edstico, mientras se comparan los sistemas de ense\u00f1anza de este deporte en Rusia y China.&nbsp;<em>El s\u00e9ptimo arte de Yakutia<\/em>&nbsp;y&nbsp;<em>El mar fantasma<\/em>&nbsp;son los siguientes t\u00edtulos que llegar\u00e1n a pantalla.<\/p>\n\n\n\n<p><strong>RT Reporta| jueves, 13:30 horas<\/strong><\/p>\n\n\n\n<p>En este espacio se producen reportajes de corte documental que, de la mano de distintos corresponsales, recorren diversas partes del mundo.&nbsp;<em>Emprendedores por Cuba<\/em>, el primer episodio, indaga en el impacto de las Mipymes, peque\u00f1os y medianos negocios que han surgido en la isla y, que a su vez, han desatado un debate entre la poblaci\u00f3n debido a sus beneficios y sus afectaciones. El segundo reportaje,&nbsp;<em>Desplazados: huir para vivir<\/em>, aborda la realidad de aquellos colombianos que sufrieron ataques indiscriminados a manos de grupos armados, quienes se vieron en la necesidad de abandonar sus hogares y que ahora luchan por recuperarlos.&nbsp;<em>La vena abierta de Per\u00fa<\/em>&nbsp;y&nbsp;<em>Esclavos de la pantalla<\/em>&nbsp;son algunos de los reportajes documentales que tambi\u00e9n conforman la programaci\u00f3n.<\/p>\n\n\n\n<p>Estos estrenos estar\u00e1n disponibles&nbsp;<strong>a partir del martes 7 de octubre<\/strong>,<strong>&nbsp;a las 13:30 horas<\/strong>,&nbsp;a trav\u00e9s dela<strong>se\u00f1al 22.1<\/strong>&nbsp;ypor<strong><em><u><a rel=\"noreferrer noopener\" target=\"_blank\" href=\"https:\/\/www.canal22.org.mx\/#streaming\">streaming<\/a><\/u><\/em><\/strong>en el portal de la televisora.<\/p>\n\n\n\n<p>Por otra parte, el p\u00fablico hispano que sintoniza la se\u00f1al&nbsp;<strong>Internacional<\/strong>&nbsp;desde Estados Unidos puede disfrutar de los&nbsp;<strong>Documentales RT<\/strong>, los lunes,&nbsp;<strong>a las 22:00 h PT \/ 01:00 h ET<\/strong>; y de los contenidos de&nbsp;<strong>RT Reporta<\/strong>, los lunes y mi\u00e9rcoles,&nbsp;<strong>a las 13:30 h PT \/ 16:30 h ET<\/strong>.<\/p>\n\n\n\n<p>Las mejores producciones por<strong>&nbsp;Canal Veintid\u00f3s<\/strong>, el Canal de las Culturas de M\u00e9xico.<\/p>\n","protected":false},"excerpt":{"rendered":"<p>Ciudad de M\u00e9xico, a s\u00e1bado 4 de octubre del 2025. El&nbsp;Canal de las Culturas de M\u00e9xico&nbsp;incorpora en su programaci\u00f3n documentales y reportajes de&nbsp;RT en Espa\u00f1ol, una de las principales fuentes de informaci\u00f3n alternativa en castellano a nivel mundial. Con un amplio cat\u00e1logo de programas, la audiencia podr\u00e1 disfrutar de estos materiales,&nbsp;a partir del 7 de [&hellip;]<\/p>\n","protected":false},"author":1,"featured_media":54474,"comment_status":"open","ping_status":"open","sticky":false,"template":"","format":"standard","meta":{"advanced_seo_description":"","jetpack_seo_html_title":"","jetpack_seo_noindex":false,"footnotes":"","jetpack_publicize_message":"","jetpack_is_tweetstorm":false,"jetpack_publicize_feature_enabled":true,"jetpack_social_post_already_shared":true,"jetpack_social_options":{"image_generator_settings":{"template":"highway","enabled":false}}},"categories":[26],"tags":[],"class_list":["post-54473","post","type-post","status-publish","format-standard","has-post-thumbnail","hentry","category-cultura"],"jetpack_publicize_connections":[],"jetpack_featured_media_url":"https:\/\/elcensornoticias.com\/wp-content\/uploads\/2025\/10\/RT-Reporta.jpeg","jetpack_likes_enabled":true,"jetpack_sharing_enabled":true,"jetpack_shortlink":"https:\/\/wp.me\/p6xy50-eaB","_links":{"self":[{"href":"https:\/\/elcensornoticias.com\/index.php?rest_route=\/wp\/v2\/posts\/54473","targetHints":{"allow":["GET"]}}],"collection":[{"href":"https:\/\/elcensornoticias.com\/index.php?rest_route=\/wp\/v2\/posts"}],"about":[{"href":"https:\/\/elcensornoticias.com\/index.php?rest_route=\/wp\/v2\/types\/post"}],"author":[{"embeddable":true,"href":"https:\/\/elcensornoticias.com\/index.php?rest_route=\/wp\/v2\/users\/1"}],"replies":[{"embeddable":true,"href":"https:\/\/elcensornoticias.com\/index.php?rest_route=%2Fwp%2Fv2%2Fcomments&post=54473"}],"version-history":[{"count":1,"href":"https:\/\/elcensornoticias.com\/index.php?rest_route=\/wp\/v2\/posts\/54473\/revisions"}],"predecessor-version":[{"id":54475,"href":"https:\/\/elcensornoticias.com\/index.php?rest_route=\/wp\/v2\/posts\/54473\/revisions\/54475"}],"wp:featuredmedia":[{"embeddable":true,"href":"https:\/\/elcensornoticias.com\/index.php?rest_route=\/wp\/v2\/media\/54474"}],"wp:attachment":[{"href":"https:\/\/elcensornoticias.com\/index.php?rest_route=%2Fwp%2Fv2%2Fmedia&parent=54473"}],"wp:term":[{"taxonomy":"category","embeddable":true,"href":"https:\/\/elcensornoticias.com\/index.php?rest_route=%2Fwp%2Fv2%2Fcategories&post=54473"},{"taxonomy":"post_tag","embeddable":true,"href":"https:\/\/elcensornoticias.com\/index.php?rest_route=%2Fwp%2Fv2%2Ftags&post=54473"}],"curies":[{"name":"wp","href":"https:\/\/api.w.org\/{rel}","templated":true}]}}