{"id":54470,"date":"2025-10-04T21:16:26","date_gmt":"2025-10-04T21:16:26","guid":{"rendered":"http:\/\/elcensornoticias.com\/?p=54470"},"modified":"2025-10-04T21:16:28","modified_gmt":"2025-10-04T21:16:28","slug":"sin-tlaxcala-no-hay-mexico-lcc-llama-a-proyectar-la-grandeza-historica-del-estado-al-mundo","status":"publish","type":"post","link":"https:\/\/elcensornoticias.com\/?p=54470","title":{"rendered":"SIN TLAXCALA NO HAY M\u00c9XICO: LCC LLAMA A PROYECTAR LA GRANDEZA HIST\u00d3RICA DEL ESTADO AL MUNDO"},"content":{"rendered":"\n<p>La gobernadora inaugur\u00f3 las actividades conmemorativas por los 500 a\u00f1os de la fundaci\u00f3n de la ciudad de Tlaxcala y evoc\u00f3 la grandeza de un pueblo que eligi\u00f3 la diplomacia sobre la guerra y que hoy vuelve a ser referente de paz, igualdad y transformaci\u00f3n_<\/p>\n\n\n\n<p>Al encabezar la inauguraci\u00f3n de las actividades conmemorativas por los 500 a\u00f1os de la fundaci\u00f3n de Tlaxcala, la gobernadora Lorena Cu\u00e9llar Cisneros reafirm\u00f3 el legado hist\u00f3rico de la entidad como ra\u00edz de M\u00e9xico, al tiempo que vincul\u00f3 esta herencia con las luchas actuales por la justicia social, la igualdad y el humanismo mexicano que gu\u00edan la Cuarta Transformaci\u00f3n.<\/p>\n\n\n\n<p>\u201cAqu\u00ed se encendi\u00f3 la chispa de un nuevo mundo; aqu\u00ed se sembraron las primeras semillas de lo que hoy llamamos patria (\u2026) La verdad es clara y resuena en nuestra memoria colectiva: \u00a1Sin Tlaxcala no hay M\u00e9xico!\u201d, expres\u00f3.<\/p>\n\n\n\n<p>La gobernadora Lorena Cu\u00e9llar llam\u00f3 a que la conmemoraci\u00f3n del medio milenio de Tlaxcala trascienda la efem\u00e9ride y se convierta en un punto de partida para proyectar su grandeza al mundo: \u201cQue esta celebraci\u00f3n sea el inicio de una divulgaci\u00f3n m\u00e1s amplia y universal, para que la humanidad reconozca lo que Tlaxcala ha aportado a la historia\u201d.&nbsp;<\/p>\n\n\n\n<p>La mandataria record\u00f3 que, frente al poder\u00edo mexica y la llegada de los espa\u00f1oles, Tlaxcala opt\u00f3 por la diplomacia y la visi\u00f3n de futuro, con lo cual no solo asegur\u00f3 su permanencia, sino que abri\u00f3 el camino hacia la construcci\u00f3n de una naci\u00f3n.<\/p>\n\n\n\n<p>Ese esp\u00edritu, abund\u00f3, permanece vivo, y hoy se expresa en las nuevas luchas por la conquista de derechos, con justicia social, igualdad y democracia, principios que gu\u00edan al pa\u00eds bajo la visi\u00f3n del humanismo mexicano.<\/p>\n\n\n\n<p>En su mensaje, record\u00f3 la imagen de Malintzi como s\u00edmbolo de entendimiento entre dos mundos y subray\u00f3 su vigencia: \u201cSi entonces una mujer abri\u00f3 caminos de di\u00e1logo, hoy Tlaxcala tiene a una gobernadora y M\u00e9xico a su primera presidenta, Claudia Sheinbaum Pardo\u201d.&nbsp;<\/p>\n\n\n\n<p>\u201cEste hecho profundamente transformador representa la continuidad de nuestra historia y un espejo de posibilidades para todas las mujeres\u201d, enfatiz\u00f3.<\/p>\n\n\n\n<p>La gobernadora sostuvo que Tlaxcala, que en el pasado fue referente en la guerra, hoy vuelve a serlo en la paz, proyect\u00e1ndose como clave en la construcci\u00f3n de un futuro m\u00e1s justo e igualitario.&nbsp;<\/p>\n\n\n\n<p>\u201cYa no luchamos para conquistar territorios, luchamos para conquistar derechos; ya no buscamos extender fronteras, buscamos extender la justicia, la igualdad y el bienestar\u201d, afirm\u00f3.<\/p>\n\n\n\n<p>En su mensaje, Cu\u00e9llar Cisneros destac\u00f3 que el aporte de Tlaxcala a la historia nacional no puede entenderse en menor escala, pues aqu\u00ed se sembraron las primeras semillas de la patria.&nbsp;<\/p>\n\n\n\n<p>\u201cFuimos ra\u00edz de patria antes de que existiera M\u00e9xico como naci\u00f3n y origen de independencia antes que independencia. Ayer luchamos con lanzas y escudos, hoy con democracia y justicia social, bajo la gu\u00eda del humanismo mexicano de la Cuarta Transformaci\u00f3n\u201d, dijo.<\/p>\n\n\n\n<p>En representaci\u00f3n de la presidenta de M\u00e9xico, Claudia Sheinbaum Pardo, el director general del Instituto Nacional de Antropolog\u00eda e Historia (INAH), Joel Omar V\u00e1zquez Herrera, subray\u00f3 la importancia de Tlaxcala como uno de los territorios con mayor riqueza hist\u00f3rica del pa\u00eds, al contar con cerca de un millar de zonas arqueol\u00f3gicas y numerosos monumentos reconocidos como patrimonio nacional.&nbsp;<\/p>\n\n\n\n<p>Record\u00f3 que la ciudad de Tlaxcala fue la primera del pa\u00eds en recibir t\u00edtulo y escudo nobiliario, con el nombre de Nuestra Se\u00f1ora de la Asunci\u00f3n, adem\u00e1s de ser considerada la primera ciudad del mestizaje en el territorio nacional.<\/p>\n\n\n\n<p>\u201cEsta ciudad es un sitio de memoria viva, s\u00edmbolo del encuentro de dos mundos y testimonio del origen de nuestra naci\u00f3n. Desde 1986 cuenta con decreto presidencial como zona de monumentos hist\u00f3ricos, y desde 2021 est\u00e1 inscrita en la lista de Patrimonio Mundial, lo que le otorga una doble protecci\u00f3n y un reconocimiento universal\u201d, destac\u00f3.<\/p>\n\n\n\n<p>La secretaria de Turismo del Gobierno de M\u00e9xico, Josefina Rodr\u00edguez Zamora, invit\u00f3 a la poblaci\u00f3n a disfrutar los festejos programados hasta el pr\u00f3ximo 14 de octubre, y llam\u00f3 a que el orgullo por Tlaxcala se viva todos los d\u00edas. \u201cFestejemos siempre nuestra historia, nuestras tradiciones y nuestra identidad, porque Tlaxcala es el coraz\u00f3n de M\u00e9xico\u201d, asegur\u00f3.<\/p>\n\n\n\n<p>Previamente, el presidente municipal de Tlaxcala, Alfonso S\u00e1nchez Garc\u00eda, record\u00f3 que, en una coyuntura mundial compleja, Tlaxcala se consolid\u00f3 como un centro social de encuentro y organizaci\u00f3n.&nbsp;<\/p>\n\n\n\n<p>\u201cMientras en Europa dominaban las monarqu\u00edas absolutas, aqu\u00ed los cuatro se\u00f1or\u00edos se organizaron pol\u00edtica y jer\u00e1rquicamente para proteger a su pueblo de las agresiones de los pueblos colindantes. Nosotros ya \u00e9ramos tlaxcaltecas\u201d, enfatiz\u00f3.<\/p>\n\n\n\n<p>S\u00e1nchez Garc\u00eda destac\u00f3 que esta conmemoraci\u00f3n no solo honra el pasado, sino que tambi\u00e9n proyecta hacia el futuro la herencia de coraje y valent\u00eda que caracteriza a la ciudad, al tiempo que se\u00f1al\u00f3 que Tlaxcala naci\u00f3 con grandeza y ha sabido mantenerla a lo largo del tiempo, con una herencia s\u00f3lida que debe recordarse por las nuevas generaciones como el comienzo de una historia que sigue escribi\u00e9ndose.<\/p>\n\n\n\n<p>Al evento asistieron Beatriz Paredes Rangel, vicepresidenta honor\u00edfica de la conmemoraci\u00f3n de los 500 a\u00f1os de Tlaxcala, delegaciones de Espa\u00f1a, Guatemala, Honduras y Cuba, as\u00ed como familias tlaxcaltecas, funcionarios estatales, presidentes municipales y autoridades de los tres niveles de gobierno.<\/p>\n","protected":false},"excerpt":{"rendered":"<p>La gobernadora inaugur\u00f3 las actividades conmemorativas por los 500 a\u00f1os de la fundaci\u00f3n de la ciudad de Tlaxcala y evoc\u00f3 la grandeza de un pueblo que eligi\u00f3 la diplomacia sobre la guerra y que hoy vuelve a ser referente de paz, igualdad y transformaci\u00f3n_ Al encabezar la inauguraci\u00f3n de las actividades conmemorativas por los 500 [&hellip;]<\/p>\n","protected":false},"author":1,"featured_media":54471,"comment_status":"open","ping_status":"open","sticky":false,"template":"","format":"standard","meta":{"advanced_seo_description":"","jetpack_seo_html_title":"","jetpack_seo_noindex":false,"footnotes":"","jetpack_publicize_message":"","jetpack_is_tweetstorm":false,"jetpack_publicize_feature_enabled":true,"jetpack_social_post_already_shared":true,"jetpack_social_options":{"image_generator_settings":{"template":"highway","enabled":false}}},"categories":[5,3],"tags":[],"class_list":["post-54470","post","type-post","status-publish","format-standard","has-post-thumbnail","hentry","category-carrucel","category-gobierno"],"jetpack_publicize_connections":[],"jetpack_featured_media_url":"https:\/\/elcensornoticias.com\/wp-content\/uploads\/2025\/10\/IMG-20251004-WA0003.jpg","jetpack_likes_enabled":true,"jetpack_sharing_enabled":true,"jetpack_shortlink":"https:\/\/wp.me\/p6xy50-eay","_links":{"self":[{"href":"https:\/\/elcensornoticias.com\/index.php?rest_route=\/wp\/v2\/posts\/54470","targetHints":{"allow":["GET"]}}],"collection":[{"href":"https:\/\/elcensornoticias.com\/index.php?rest_route=\/wp\/v2\/posts"}],"about":[{"href":"https:\/\/elcensornoticias.com\/index.php?rest_route=\/wp\/v2\/types\/post"}],"author":[{"embeddable":true,"href":"https:\/\/elcensornoticias.com\/index.php?rest_route=\/wp\/v2\/users\/1"}],"replies":[{"embeddable":true,"href":"https:\/\/elcensornoticias.com\/index.php?rest_route=%2Fwp%2Fv2%2Fcomments&post=54470"}],"version-history":[{"count":1,"href":"https:\/\/elcensornoticias.com\/index.php?rest_route=\/wp\/v2\/posts\/54470\/revisions"}],"predecessor-version":[{"id":54472,"href":"https:\/\/elcensornoticias.com\/index.php?rest_route=\/wp\/v2\/posts\/54470\/revisions\/54472"}],"wp:featuredmedia":[{"embeddable":true,"href":"https:\/\/elcensornoticias.com\/index.php?rest_route=\/wp\/v2\/media\/54471"}],"wp:attachment":[{"href":"https:\/\/elcensornoticias.com\/index.php?rest_route=%2Fwp%2Fv2%2Fmedia&parent=54470"}],"wp:term":[{"taxonomy":"category","embeddable":true,"href":"https:\/\/elcensornoticias.com\/index.php?rest_route=%2Fwp%2Fv2%2Fcategories&post=54470"},{"taxonomy":"post_tag","embeddable":true,"href":"https:\/\/elcensornoticias.com\/index.php?rest_route=%2Fwp%2Fv2%2Ftags&post=54470"}],"curies":[{"name":"wp","href":"https:\/\/api.w.org\/{rel}","templated":true}]}}