{"id":54467,"date":"2025-10-04T21:13:36","date_gmt":"2025-10-04T21:13:36","guid":{"rendered":"http:\/\/elcensornoticias.com\/?p=54467"},"modified":"2025-10-04T21:13:39","modified_gmt":"2025-10-04T21:13:39","slug":"inician-los-festejos-por-los-500-anos-de-la-fundacion-de-tlaxcala","status":"publish","type":"post","link":"https:\/\/elcensornoticias.com\/?p=54467","title":{"rendered":"INICIAN LOS FESTEJOS POR LOS 500 A\u00d1OS DE LA FUNDACI\u00d3N DE TLAXCALA"},"content":{"rendered":"\n<p>El alcalde Alfonso S\u00e1nchez Garc\u00eda acompa\u00f1a a la Gobernadora Lorena Cu\u00e9llar Cisneros en el acto inaugural_<\/p>\n\n\n\n<p>En un acto lleno de luz, colorido y alegr\u00eda desbordante, la noche de este viernes 3 de octubre, el alcalde de la capital, Alfonso S\u00e1nchez Garc\u00eda, acompa\u00f1\u00f3 a la Gobernadora Lorena Cu\u00e9llar Cisneros en el acto formal de inauguraci\u00f3n de los festejos por los 500 a\u00f1os de la fundaci\u00f3n de Tlaxcala.&nbsp;<\/p>\n\n\n\n<p>Ante cientos de familias, visitantes e invitados especiales, la Plaza de la Constituci\u00f3n se convirti\u00f3 en un escenario de fiesta, donde se destac\u00f3 la identidad, el orgullo y la tradici\u00f3n de este pueblo, pero sobre todo se fortaleci\u00f3 la uni\u00f3n y fraternidad con otras ciudades del pa\u00eds y del mundo.<\/p>\n\n\n\n<p>En su mensaje, el presidente municipal destac\u00f3 que Tlaxcala es una ciudad que naci\u00f3 grande y que a lo largo de cinco siglos ha sabido imponerse a la adversidad con dignidad y fuerza.&nbsp;<\/p>\n\n\n\n<p>\u201cHoy damos inicio a la conmemoraci\u00f3n de nuestros 500 a\u00f1os como ciudad, una ciudad que se escribi\u00f3 con relatos, gestas e historias que permanecen vivas en la memoria colectiva. Esta es una celebraci\u00f3n grande, porque grande es su gente\u201d, afirm\u00f3.<\/p>\n\n\n\n<p>El edil capitalino tambi\u00e9n enfatiz\u00f3 que esta celebraci\u00f3n es de tal relevancia que, al mirar en retrospectiva, Tlaxcala surge y se posiciona s\u00f3lidamente como ciudad y centro social de encuentro en una coyuntura mundial de gran complejidad.<\/p>\n\n\n\n<p>Por su parte, la gobernadora Lorena Cu\u00e9llar Cisneros afirm\u00f3 que Tlaxcala es \u201calma viva de M\u00e9xico\u201d y protagonista fundamental de la historia nacional. \u201cSin Tlaxcala no hay M\u00e9xico. Aqu\u00ed se encendi\u00f3 la chispa de un nuevo mundo y aqu\u00ed se defendi\u00f3 con dignidad el derecho a la libertad\u201d, se\u00f1al\u00f3.<\/p>\n\n\n\n<p>La celebraci\u00f3n cont\u00f3 tambi\u00e9n con la presencia de representantes federales, como fue el caso de Joel V\u00e1zquez Herrera, director general del INAH, en representaci\u00f3n de la Presidenta Claudia Sheinbaum Pardo, quien reconoci\u00f3 a Tlaxcala como \u201cun sitio de memoria viva, la primera ciudad con escudo y cabildo propio, s\u00edmbolo del mestizaje y de la riqueza hist\u00f3rica de la naci\u00f3n\u201d.&nbsp;<\/p>\n\n\n\n<p>A su vez, Josefina Rodr\u00edguez Zamora, Secretaria Federal de Turismo, subray\u00f3 que \u201cHoy Tlaxcala dice al mundo que s\u00ed existe, y existe con fuerza, historia y orgullo nacional\u201d.<\/p>\n\n\n\n<p>Durante este evento destac\u00f3 la presencia de Beatriz Paredes Rangel, Vicepresidenta de la Comisi\u00f3n de los Festejos por la conmemoraci\u00f3n de los 500 a\u00f1os de su fundaci\u00f3n.&nbsp;&nbsp;<\/p>\n\n\n\n<p>Tlaxcala inici\u00f3 as\u00ed, con un gran espect\u00e1culo de m\u00fasica, luces y fuegos artificiales la conmemoraci\u00f3n de su medio milenio de historia, por lo que desde este viernes y hasta el 15 de octubre se desarrollar\u00e1n 120 eventos culturales, gastron\u00f3micos, deportivos y art\u00edsticos que se pueden consultar en el siguiente enlace: ttps:\/\/tlaxcaladexicohtencatl.gob.mx<\/p>\n","protected":false},"excerpt":{"rendered":"<p>El alcalde Alfonso S\u00e1nchez Garc\u00eda acompa\u00f1a a la Gobernadora Lorena Cu\u00e9llar Cisneros en el acto inaugural_ En un acto lleno de luz, colorido y alegr\u00eda desbordante, la noche de este viernes 3 de octubre, el alcalde de la capital, Alfonso S\u00e1nchez Garc\u00eda, acompa\u00f1\u00f3 a la Gobernadora Lorena Cu\u00e9llar Cisneros en el acto formal de inauguraci\u00f3n [&hellip;]<\/p>\n","protected":false},"author":1,"featured_media":54468,"comment_status":"open","ping_status":"open","sticky":false,"template":"","format":"standard","meta":{"advanced_seo_description":"","jetpack_seo_html_title":"","jetpack_seo_noindex":false,"footnotes":"","jetpack_publicize_message":"","jetpack_is_tweetstorm":false,"jetpack_publicize_feature_enabled":true,"jetpack_social_post_already_shared":true,"jetpack_social_options":{"image_generator_settings":{"template":"highway","enabled":false}}},"categories":[5,3],"tags":[],"class_list":["post-54467","post","type-post","status-publish","format-standard","has-post-thumbnail","hentry","category-carrucel","category-gobierno"],"jetpack_publicize_connections":[],"jetpack_featured_media_url":"https:\/\/elcensornoticias.com\/wp-content\/uploads\/2025\/10\/IMG-20251003-WA0081.jpg","jetpack_likes_enabled":true,"jetpack_sharing_enabled":true,"jetpack_shortlink":"https:\/\/wp.me\/p6xy50-eav","_links":{"self":[{"href":"https:\/\/elcensornoticias.com\/index.php?rest_route=\/wp\/v2\/posts\/54467","targetHints":{"allow":["GET"]}}],"collection":[{"href":"https:\/\/elcensornoticias.com\/index.php?rest_route=\/wp\/v2\/posts"}],"about":[{"href":"https:\/\/elcensornoticias.com\/index.php?rest_route=\/wp\/v2\/types\/post"}],"author":[{"embeddable":true,"href":"https:\/\/elcensornoticias.com\/index.php?rest_route=\/wp\/v2\/users\/1"}],"replies":[{"embeddable":true,"href":"https:\/\/elcensornoticias.com\/index.php?rest_route=%2Fwp%2Fv2%2Fcomments&post=54467"}],"version-history":[{"count":1,"href":"https:\/\/elcensornoticias.com\/index.php?rest_route=\/wp\/v2\/posts\/54467\/revisions"}],"predecessor-version":[{"id":54469,"href":"https:\/\/elcensornoticias.com\/index.php?rest_route=\/wp\/v2\/posts\/54467\/revisions\/54469"}],"wp:featuredmedia":[{"embeddable":true,"href":"https:\/\/elcensornoticias.com\/index.php?rest_route=\/wp\/v2\/media\/54468"}],"wp:attachment":[{"href":"https:\/\/elcensornoticias.com\/index.php?rest_route=%2Fwp%2Fv2%2Fmedia&parent=54467"}],"wp:term":[{"taxonomy":"category","embeddable":true,"href":"https:\/\/elcensornoticias.com\/index.php?rest_route=%2Fwp%2Fv2%2Fcategories&post=54467"},{"taxonomy":"post_tag","embeddable":true,"href":"https:\/\/elcensornoticias.com\/index.php?rest_route=%2Fwp%2Fv2%2Ftags&post=54467"}],"curies":[{"name":"wp","href":"https:\/\/api.w.org\/{rel}","templated":true}]}}