{"id":54460,"date":"2025-10-04T00:08:25","date_gmt":"2025-10-04T00:08:25","guid":{"rendered":"http:\/\/elcensornoticias.com\/?p=54460"},"modified":"2025-10-04T00:08:27","modified_gmt":"2025-10-04T00:08:27","slug":"gran-final-de-mexico-canta-en-vivo-por-canal-veintidos","status":"publish","type":"post","link":"https:\/\/elcensornoticias.com\/?p=54460","title":{"rendered":"GRAN FINAL DE\u00a0M\u00c9XICO CANTA, EN VIVO, POR CANAL VEINTID\u00d3S"},"content":{"rendered":"\n<ul class=\"wp-block-list\">\n<li><strong>El p\u00fablico, a trav\u00e9s de su voto, otorgar\u00e1 el premio a Mejor int\u00e9rprete y Mejor composici\u00f3n. Adem\u00e1s, habr\u00e1 un tercer reconocimiento, el Premio de los especialistas<\/strong><\/li>\n\n\n\n<li><strong>Con la participaci\u00f3n especial de Majo Aguilar y del grupo Intocable<\/strong><\/li>\n\n\n\n<li><strong>Transmisi\u00f3n en vivo: domingo 5 de octubre, 19:00 horas, por la se\u00f1al 22.1 y por redes sociales<\/strong><\/li>\n<\/ul>\n\n\n\n<p>Ciudad de M\u00e9xico, a 3 de octubre de 2025. Por iniciativa del Gobierno de M\u00e9xico, desde el 17 de agosto de 2025,&nbsp;Canal Veintid\u00f3s&nbsp;ha sido el escenario de&nbsp;<strong><em>M\u00e9xico Canta por la paz y contra las adicciones<\/em><\/strong>, iniciativa binacional organizada por la&nbsp;Secretar\u00eda de Cultura, en coordinaci\u00f3n con el&nbsp;<strong>Consejo Mexicano de la M\u00fasica<\/strong>&nbsp;(CMM), que visibiliza las voces que apuestan por la paz desde la m\u00fasica y el territorio que habitan.<\/p>\n\n\n\n<p>Promocional&nbsp;<em><u><a rel=\"noreferrer noopener\" target=\"_blank\" href=\"https:\/\/youtu.be\/WB-qxm-UzF8?si=SsMU9EskbIMiNSIh\">Gran Final M\u00e9xico Canta<\/a><\/u><\/em><\/p>\n\n\n\n<p>Como parte de la Estrategia de Atenci\u00f3n a las causas del Gobierno de M\u00e9xico, se promueve la convivencia, la identidad cultural y la construcci\u00f3n de una sociedad m\u00e1s justa. En dicho marco, el&nbsp;pr\u00f3ximo domingo 5 de octubre&nbsp;se conocer\u00e1n a las y los elegidos que, con su interpretaci\u00f3n y\/o composici\u00f3n, ganar\u00e1n el voto del p\u00fablico y de los especialistas para representar a una nueva generaci\u00f3n de voces comprometidas con la m\u00fasica mexicana y con mensajes que promueven la paz y la vida libre de adicciones.<\/p>\n\n\n\n<p>Las y los finalistas que llegar\u00e1n al escenario esa noche ser\u00e1n Carolina Imperial, William Zepeda, As\u00e1lia y Norma, Galia Siurob, Carmen Mar\u00eda Gonz\u00e1lez y Sergio Maya.<\/p>\n\n\n\n<p>A ellas y ellos tambi\u00e9n se unir\u00e1n Roger Gregorio, Mike Le\u00f3n, Brian Sebasti\u00e1n Mu\u00f1oz y Lolita de 2MX2, finalistas rescatados por el CMM por su calidad vocal, interpretaci\u00f3n, originalidad y autenticidad, o por letras que el Consejo consider\u00f3 dignas de ser escuchadas en vivo desde el&nbsp;Teatro de la Ciudad Esperanza Iris.<\/p>\n\n\n\n<p>En la final, el p\u00fablico ser\u00e1 quien elija a las y los ganadores a trav\u00e9s de la p\u00e1gina&nbsp;<a rel=\"noreferrer noopener\" target=\"_blank\" href=\"https:\/\/www.mexicocanta.gob.mx\/\">mexicocanta.gob.mx<\/a>, sitio en el que cada persona har\u00e1 dos selecciones: una para&nbsp;<em>Mejor int\u00e9rprete<\/em>&nbsp;y otra para&nbsp;<em>Mejor composici\u00f3n<\/em>, ambos votos podr\u00e1n ir para la misma persona o para dos finalistas diferentes. Adem\u00e1s, tambi\u00e9n se conocer\u00e1 el Premio de los especialistas.<\/p>\n\n\n\n<p>Por otra parte, el escenario se engalanar\u00e1 al recibir la presentaci\u00f3n del grupo&nbsp;Intocable&nbsp;y a la cantautora&nbsp;<strong>Majo Aguilar,<\/strong>&nbsp;quienes acompa\u00f1ar\u00e1n la iniciativa que une voces desde ambos lados de la frontera.<\/p>\n\n\n\n<p>El p\u00fablico ser\u00e1 parte de la gran gala trav\u00e9s de&nbsp;Canal Veintid\u00f3s&nbsp;(se\u00f1al 22.1), por&nbsp;<a rel=\"noreferrer noopener\" target=\"_blank\" href=\"https:\/\/www.youtube.com\/@canal22\">YouTube<\/a>,&nbsp;<a rel=\"noreferrer noopener\" target=\"_blank\" href=\"https:\/\/www.facebook.com\/Canal22Mexico\/?locale=es_LA\">Facebook<\/a>&nbsp;y&nbsp;<a rel=\"noreferrer noopener\" target=\"_blank\" href=\"https:\/\/x.com\/Canal22?ref_src=twsrc%5Egoogle%7Ctwcamp%5Eserp%7Ctwgr%5Eauthor\">X<\/a>, as\u00ed como por&nbsp;<strong><em><u><a rel=\"noreferrer noopener\" target=\"_blank\" href=\"https:\/\/www.canal22.org.mx\/streaming-22-1.html\">streaming<\/a><\/u><\/em><\/strong>&nbsp;en el portal de la televisora. Adem\u00e1s, el p\u00fablico hispano en Estados Unidos podr\u00e1 disfrutarlo a trav\u00e9s de la se\u00f1al Internacional a las 18:00 h PT \/ 21:00 h ET.<\/p>\n\n\n\n<p><strong>Lo mejor de la m\u00fasica mexicana en&nbsp;<em>M\u00e9xico Canta por la paz y contra las adicciones<\/em>, por Canal Veintid\u00f3s, el Canal de las Culturas de M\u00e9xico.<\/strong><\/p>\n","protected":false},"excerpt":{"rendered":"<p>Ciudad de M\u00e9xico, a 3 de octubre de 2025. Por iniciativa del Gobierno de M\u00e9xico, desde el 17 de agosto de 2025,&nbsp;Canal Veintid\u00f3s&nbsp;ha sido el escenario de&nbsp;M\u00e9xico Canta por la paz y contra las adicciones, iniciativa binacional organizada por la&nbsp;Secretar\u00eda de Cultura, en coordinaci\u00f3n con el&nbsp;Consejo Mexicano de la M\u00fasica&nbsp;(CMM), que visibiliza las voces que [&hellip;]<\/p>\n","protected":false},"author":1,"featured_media":54461,"comment_status":"open","ping_status":"open","sticky":false,"template":"","format":"standard","meta":{"advanced_seo_description":"","jetpack_seo_html_title":"","jetpack_seo_noindex":false,"footnotes":"","jetpack_publicize_message":"","jetpack_is_tweetstorm":false,"jetpack_publicize_feature_enabled":true,"jetpack_social_post_already_shared":true,"jetpack_social_options":{"image_generator_settings":{"template":"highway","enabled":false}}},"categories":[26],"tags":[],"class_list":["post-54460","post","type-post","status-publish","format-standard","has-post-thumbnail","hentry","category-cultura"],"jetpack_publicize_connections":[],"jetpack_featured_media_url":"https:\/\/elcensornoticias.com\/wp-content\/uploads\/2025\/10\/Gran-Final-Mexico-Canta-por-la-paz-y-contra-las-adicciones.jpeg","jetpack_likes_enabled":true,"jetpack_sharing_enabled":true,"jetpack_shortlink":"https:\/\/wp.me\/p6xy50-eao","_links":{"self":[{"href":"https:\/\/elcensornoticias.com\/index.php?rest_route=\/wp\/v2\/posts\/54460","targetHints":{"allow":["GET"]}}],"collection":[{"href":"https:\/\/elcensornoticias.com\/index.php?rest_route=\/wp\/v2\/posts"}],"about":[{"href":"https:\/\/elcensornoticias.com\/index.php?rest_route=\/wp\/v2\/types\/post"}],"author":[{"embeddable":true,"href":"https:\/\/elcensornoticias.com\/index.php?rest_route=\/wp\/v2\/users\/1"}],"replies":[{"embeddable":true,"href":"https:\/\/elcensornoticias.com\/index.php?rest_route=%2Fwp%2Fv2%2Fcomments&post=54460"}],"version-history":[{"count":1,"href":"https:\/\/elcensornoticias.com\/index.php?rest_route=\/wp\/v2\/posts\/54460\/revisions"}],"predecessor-version":[{"id":54462,"href":"https:\/\/elcensornoticias.com\/index.php?rest_route=\/wp\/v2\/posts\/54460\/revisions\/54462"}],"wp:featuredmedia":[{"embeddable":true,"href":"https:\/\/elcensornoticias.com\/index.php?rest_route=\/wp\/v2\/media\/54461"}],"wp:attachment":[{"href":"https:\/\/elcensornoticias.com\/index.php?rest_route=%2Fwp%2Fv2%2Fmedia&parent=54460"}],"wp:term":[{"taxonomy":"category","embeddable":true,"href":"https:\/\/elcensornoticias.com\/index.php?rest_route=%2Fwp%2Fv2%2Fcategories&post=54460"},{"taxonomy":"post_tag","embeddable":true,"href":"https:\/\/elcensornoticias.com\/index.php?rest_route=%2Fwp%2Fv2%2Ftags&post=54460"}],"curies":[{"name":"wp","href":"https:\/\/api.w.org\/{rel}","templated":true}]}}