{"id":54444,"date":"2025-10-03T23:14:51","date_gmt":"2025-10-03T23:14:51","guid":{"rendered":"http:\/\/elcensornoticias.com\/?p=54444"},"modified":"2025-10-03T23:14:53","modified_gmt":"2025-10-03T23:14:53","slug":"fortalecen-coordinacion-interinstitucional-en-el-poder-judicial-de-tlaxcala","status":"publish","type":"post","link":"https:\/\/elcensornoticias.com\/?p=54444","title":{"rendered":"Fortalecen Coordinaci\u00f3n Interinstitucional en el Poder Judicial de Tlaxcala"},"content":{"rendered":"\n<ul class=\"wp-block-list\">\n<li><strong>Esta reuni\u00f3n reafirma el compromiso del Nuevo Poder Judicial con la justicia y la transparencia.<\/strong><\/li>\n<\/ul>\n\n\n\n<p>El Pleno del \u00d3rgano de Administraci\u00f3n Judicial y el Tribunal de Disciplina Judicial del Estado de Tlaxcala sostuvieron una productiva mesa de trabajo para fortalecer la coordinaci\u00f3n de labores y afianzar criterios comunes en el ejercicio de sus funciones.<\/p>\n\n\n\n<p>Con la presencia de la Magistrada Violeta Fern\u00e1ndez V\u00e1zquez, Presidenta del Tribunal de Disciplina Judicial, y los administradores Sergio P\u00e9rez George, Edna Oded P\u00e9rez Garc\u00eda, Sonia Lilian Rodr\u00edguez Becerra, Germ\u00e1n Mendoza Papalotzi y Raymundo Amador Garc\u00eda, se busca garantizar una justicia transparente, eficiente y al servicio de la ciudadan\u00eda tlaxcalteca.<\/p>\n\n\n\n<p>La reuni\u00f3n de trabajo se llev\u00f3 a cabo en un ambiente colaborativo para fortalecer las funciones operativas de cada \u00f3rgano, con el firme compromiso de brindar una justicia m\u00e1s cercana a los ciudadanos tlaxcaltecas.<\/p>\n\n\n\n<p>Esta reuni\u00f3n reafirma el compromiso del Nuevo Poder Judicial con la justicia y la transparencia, trabajando en conjunto para brindar un mejor servicio a las y los justiciables.<\/p>\n","protected":false},"excerpt":{"rendered":"<p>El Pleno del \u00d3rgano de Administraci\u00f3n Judicial y el Tribunal de Disciplina Judicial del Estado de Tlaxcala sostuvieron una productiva mesa de trabajo para fortalecer la coordinaci\u00f3n de labores y afianzar criterios comunes en el ejercicio de sus funciones. Con la presencia de la Magistrada Violeta Fern\u00e1ndez V\u00e1zquez, Presidenta del Tribunal de Disciplina Judicial, y [&hellip;]<\/p>\n","protected":false},"author":1,"featured_media":54445,"comment_status":"open","ping_status":"open","sticky":false,"template":"","format":"standard","meta":{"advanced_seo_description":"","jetpack_seo_html_title":"","jetpack_seo_noindex":false,"footnotes":"","jetpack_publicize_message":"","jetpack_is_tweetstorm":false,"jetpack_publicize_feature_enabled":true,"jetpack_social_post_already_shared":true,"jetpack_social_options":{"image_generator_settings":{"template":"highway","enabled":false}}},"categories":[5,3],"tags":[],"class_list":["post-54444","post","type-post","status-publish","format-standard","has-post-thumbnail","hentry","category-carrucel","category-gobierno"],"jetpack_publicize_connections":[],"jetpack_featured_media_url":"https:\/\/elcensornoticias.com\/wp-content\/uploads\/2025\/10\/REUNION-DE-TRABAJO-OAJ-Y-TDJ-2-DE-OCT-4.jpeg","jetpack_likes_enabled":true,"jetpack_sharing_enabled":true,"jetpack_shortlink":"https:\/\/wp.me\/p6xy50-ea8","_links":{"self":[{"href":"https:\/\/elcensornoticias.com\/index.php?rest_route=\/wp\/v2\/posts\/54444","targetHints":{"allow":["GET"]}}],"collection":[{"href":"https:\/\/elcensornoticias.com\/index.php?rest_route=\/wp\/v2\/posts"}],"about":[{"href":"https:\/\/elcensornoticias.com\/index.php?rest_route=\/wp\/v2\/types\/post"}],"author":[{"embeddable":true,"href":"https:\/\/elcensornoticias.com\/index.php?rest_route=\/wp\/v2\/users\/1"}],"replies":[{"embeddable":true,"href":"https:\/\/elcensornoticias.com\/index.php?rest_route=%2Fwp%2Fv2%2Fcomments&post=54444"}],"version-history":[{"count":1,"href":"https:\/\/elcensornoticias.com\/index.php?rest_route=\/wp\/v2\/posts\/54444\/revisions"}],"predecessor-version":[{"id":54446,"href":"https:\/\/elcensornoticias.com\/index.php?rest_route=\/wp\/v2\/posts\/54444\/revisions\/54446"}],"wp:featuredmedia":[{"embeddable":true,"href":"https:\/\/elcensornoticias.com\/index.php?rest_route=\/wp\/v2\/media\/54445"}],"wp:attachment":[{"href":"https:\/\/elcensornoticias.com\/index.php?rest_route=%2Fwp%2Fv2%2Fmedia&parent=54444"}],"wp:term":[{"taxonomy":"category","embeddable":true,"href":"https:\/\/elcensornoticias.com\/index.php?rest_route=%2Fwp%2Fv2%2Fcategories&post=54444"},{"taxonomy":"post_tag","embeddable":true,"href":"https:\/\/elcensornoticias.com\/index.php?rest_route=%2Fwp%2Fv2%2Ftags&post=54444"}],"curies":[{"name":"wp","href":"https:\/\/api.w.org\/{rel}","templated":true}]}}