{"id":53510,"date":"2025-08-14T02:35:29","date_gmt":"2025-08-14T02:35:29","guid":{"rendered":"http:\/\/elcensornoticias.com\/?p=53510"},"modified":"2025-08-14T02:35:32","modified_gmt":"2025-08-14T02:35:32","slug":"distribuidor-vial-santa-ana-chiautempan-estara-listo-en-septiembre-del-2026","status":"publish","type":"post","link":"https:\/\/elcensornoticias.com\/?p=53510","title":{"rendered":"DISTRIBUIDOR VIAL SANTA ANA CHIAUTEMPAN ESTAR\u00c1 LISTO EN SEPTIEMBRE DEL 2026"},"content":{"rendered":"\n<p>La gobernadora, junto con autoridades federales, dieron el banderazo del arranque oficial de la obra en la que se invertir\u00e1 650 millones de pesos.<\/p>\n\n\n\n<p>La gobernadora Lorena Cu\u00e9llar Cisneros encabez\u00f3 el banderazo de inicio oficial de la construcci\u00f3n del Distribuidor Vial Santa Ana Chiautempan, con el cual se busca resolver un problema de movilidad de d\u00e9cadas, y que representar\u00e1 bienestar, seguridad y desarrollo econ\u00f3mico para Tlaxcala.<\/p>\n\n\n\n<p>En su mensaje, destac\u00f3 que esta obra es resultado de la coordinaci\u00f3n entre los gobiernos federal, estatal y municipal: \u201cEstamos haciendo el banderazo de esta obra tan importante para el estado, y quiero decirles que desde que la presidenta Claudia Sheinbaum conoci\u00f3 los proyectos necesarios para el estado dijo adelante\u201d.&nbsp;<\/p>\n\n\n\n<p>Cu\u00e9llar Cisneros asegur\u00f3 que la obra, que tendr\u00e1 una inversi\u00f3n de 650 millones de pesos, es un ejemplo de trabajo coordinado que permitir\u00e1 reducir tiempos de traslado de hasta 20 minutos, beneficiando de manera directa a m\u00e1s de 192 mil habitantes de Chiautempan, Tlaltelulco y Tlaxcala.<\/p>\n\n\n\n<p>Agreg\u00f3 que el proyecto tendr\u00e1 1.2 kil\u00f3metros de longitud, mejorar\u00e1 la conectividad con Puebla, Ciudad de M\u00e9xico y zonas estrat\u00e9gicas como Huamantla, adem\u00e1s de que generar\u00e1 5 mil 770 empleos y fortalecer\u00e1 la competitividad de las empresas locales, al facilitar el transporte de mercanc\u00edas y el acceso a mercados nacionales.<\/p>\n\n\n\n<p>En su oportunidad, el titular de la Secretar\u00eda de Infraestructura, Comunicaciones y Transportes (SICT), Jes\u00fas Antonio Esteva Medina, afirm\u00f3 que el proyecto refleja la visi\u00f3n de la Cuarta Transformaci\u00f3n de realizar obras que mejoren las condiciones de vida, disminuyan desigualdades y respondan a las demandas de la ciudadan\u00eda.<\/p>\n\n\n\n<p>\u201cEste tipo de proyectos no s\u00f3lo representan concreto y acero, sino oportunidades reales para la gente. Cada tramo construido significa m\u00e1s tiempo en familia, m\u00e1s seguridad en los trayectos y m\u00e1s competitividad para las empresas locales. Por eso, cada peso invertido est\u00e1 pensado para multiplicar beneficios\u201d, acot\u00f3.<\/p>\n\n\n\n<p>Esteva Medina afirm\u00f3 que la coordinaci\u00f3n entre los tres niveles de gobierno es la f\u00f3rmula que permite transformar las necesidades en realidades palpables, al tiempo que refrend\u00f3 el compromiso de mantener el ritmo de trabajo, con obras de calidad, transparentes y al servicio del pueblo de M\u00e9xico.<\/p>\n\n\n\n<p>El subsecretario de infraestructura de la SICT, Juan Carlos Fuentes Orrala, precis\u00f3 que el proyecto contempla un distribuidor en tercer nivel con cuatro carriles de circulaci\u00f3n, 950 metros de longitud, 665 metros de estructura y 263 metros de rampas con lo que se garantizar\u00e1 la circulaci\u00f3n continua.<\/p>\n\n\n\n<p>A\u00f1adi\u00f3 que su ejecuci\u00f3n se llevar\u00e1 a cabo de agosto de 2025 a septiembre de 2026, con un tr\u00e1nsito estimado de 70 mil veh\u00edculos diarios: \u201cHicimos un an\u00e1lisis de flujos vehiculares, y la soluci\u00f3n fue ocupar el mismo puente que actualmente existe, hacer un tercer nivel e, insisto, los movimientos direccionales a nivel de piso\u201d.<\/p>\n\n\n\n<p>Por \u00faltimo, la presidenta de Chiautempan, Blanca Estela \u00c1ngulo Meneses, agradeci\u00f3 la gesti\u00f3n de la gobernadora y el respaldo del Gobierno de M\u00e9xico para hacer realidad una obra esperada por generaciones, que transformar\u00e1 la movilidad y el desarrollo del municipio.<\/p>\n\n\n\n<p>Tambi\u00e9n estuvieron en el evento la presidenta honor\u00edfica del Sistema Estatal para el Desarrollo Integral de la Familia (Sedif), Mariana Espinosa de los Monteros Cu\u00e9llar; el titular de la Secretar\u00eda de Gobierno (Segob), Luis Antonio Ram\u00edrez Hern\u00e1ndez; el alcalde de Tlaxcala, Alfonso S\u00e1nchez Garc\u00eda, y autoridades federales, estatales y municipales.<\/p>\n","protected":false},"excerpt":{"rendered":"<p>La gobernadora, junto con autoridades federales, dieron el banderazo del arranque oficial de la obra en la que se invertir\u00e1 650 millones de pesos. La gobernadora Lorena Cu\u00e9llar Cisneros encabez\u00f3 el banderazo de inicio oficial de la construcci\u00f3n del Distribuidor Vial Santa Ana Chiautempan, con el cual se busca resolver un problema de movilidad de [&hellip;]<\/p>\n","protected":false},"author":1,"featured_media":53511,"comment_status":"open","ping_status":"open","sticky":false,"template":"","format":"standard","meta":{"advanced_seo_description":"","jetpack_seo_html_title":"","jetpack_seo_noindex":false,"footnotes":"","jetpack_publicize_message":"","jetpack_is_tweetstorm":false,"jetpack_publicize_feature_enabled":true,"jetpack_social_post_already_shared":true,"jetpack_social_options":{"image_generator_settings":{"template":"highway","enabled":false}}},"categories":[5,3],"tags":[],"class_list":["post-53510","post","type-post","status-publish","format-standard","has-post-thumbnail","hentry","category-carrucel","category-gobierno"],"jetpack_publicize_connections":[],"jetpack_featured_media_url":"https:\/\/elcensornoticias.com\/wp-content\/uploads\/2025\/08\/IMG-20250813-WA0048.jpg","jetpack_likes_enabled":true,"jetpack_sharing_enabled":true,"jetpack_shortlink":"https:\/\/wp.me\/p6xy50-dV4","_links":{"self":[{"href":"https:\/\/elcensornoticias.com\/index.php?rest_route=\/wp\/v2\/posts\/53510","targetHints":{"allow":["GET"]}}],"collection":[{"href":"https:\/\/elcensornoticias.com\/index.php?rest_route=\/wp\/v2\/posts"}],"about":[{"href":"https:\/\/elcensornoticias.com\/index.php?rest_route=\/wp\/v2\/types\/post"}],"author":[{"embeddable":true,"href":"https:\/\/elcensornoticias.com\/index.php?rest_route=\/wp\/v2\/users\/1"}],"replies":[{"embeddable":true,"href":"https:\/\/elcensornoticias.com\/index.php?rest_route=%2Fwp%2Fv2%2Fcomments&post=53510"}],"version-history":[{"count":1,"href":"https:\/\/elcensornoticias.com\/index.php?rest_route=\/wp\/v2\/posts\/53510\/revisions"}],"predecessor-version":[{"id":53512,"href":"https:\/\/elcensornoticias.com\/index.php?rest_route=\/wp\/v2\/posts\/53510\/revisions\/53512"}],"wp:featuredmedia":[{"embeddable":true,"href":"https:\/\/elcensornoticias.com\/index.php?rest_route=\/wp\/v2\/media\/53511"}],"wp:attachment":[{"href":"https:\/\/elcensornoticias.com\/index.php?rest_route=%2Fwp%2Fv2%2Fmedia&parent=53510"}],"wp:term":[{"taxonomy":"category","embeddable":true,"href":"https:\/\/elcensornoticias.com\/index.php?rest_route=%2Fwp%2Fv2%2Fcategories&post=53510"},{"taxonomy":"post_tag","embeddable":true,"href":"https:\/\/elcensornoticias.com\/index.php?rest_route=%2Fwp%2Fv2%2Ftags&post=53510"}],"curies":[{"name":"wp","href":"https:\/\/api.w.org\/{rel}","templated":true}]}}