{"id":52664,"date":"2025-07-07T20:06:23","date_gmt":"2025-07-07T20:06:23","guid":{"rendered":"http:\/\/elcensornoticias.com\/?p=52664"},"modified":"2025-07-07T20:06:35","modified_gmt":"2025-07-07T20:06:35","slug":"espacio-renovado-para-la-memoria-filmica-de-san-luis-potosi","status":"publish","type":"post","link":"https:\/\/elcensornoticias.com\/?p=52664","title":{"rendered":"ESPACIO RENOVADO PARA LA MEMORIA F\u00cdLMICA DE SAN LUIS POTOS\u00cd"},"content":{"rendered":"\n<ul class=\"wp-block-list\">\n<li><strong>Gracias al apoyo del FOCINE, se mejor\u00f3 el equipo de proyecci\u00f3n de la sala principal<\/strong><\/li>\n\n\n\n<li><strong>Se impulsan iniciativas como el Acervo F\u00edlmico Potosino y el programa \u201cCineteca en tu Municipio\u201d para descentralizar el acceso al cine<\/strong><\/li>\n<\/ul>\n\n\n\n<p>Desde 2021, la Cineteca Alameda de San Luis Potos\u00ed experimenta una importante transformaci\u00f3n, empez\u00f3 con el apoyo del Instituto Mexicano de Cinematograf\u00eda (IMCINE), organismo de la Secretar\u00eda de Cultura del Gobierno de M\u00e9xico, a trav\u00e9s del apoyo del Fondo de Fomento al Cine Mexicano (FOCINE), que permiti\u00f3 renovar su equipo de proyecci\u00f3n con un ca\u00f1\u00f3n DSP de alta gama.<\/p>\n\n\n\n<p>\u201cNos toc\u00f3 operar el proyecto y, aunque solo contemplaba el nuevo proyector, lo asumimos como el inicio de una renovaci\u00f3n mucho m\u00e1s amplia\u201d, explica Aldo Patl\u00e1n, actual director del recinto.<\/p>\n\n\n\n<p>Desde entonces, comenta, el espacio ha sumado una segunda sala, una galer\u00eda y un acervo digital, todos desarrollados con recursos propios, sin alterar la estructura original del edificio, que cumpli\u00f3 84 a\u00f1os en febrero de 2025.<\/p>\n\n\n\n<p>El respeto por el valor hist\u00f3rico del inmueble, inaugurado en 1941, es clave en el proceso: \u201cNo permitimos ni pegar hojas en los muros. Todo lo que hemos hecho se basa en estructuras m\u00f3viles o reversibles\u201d, se\u00f1ala, convencido de que la modernizaci\u00f3n y la conservaci\u00f3n pueden coexistir.<\/p>\n\n\n\n<p>Uno de sus proyectos m\u00e1s significativos es el Acervo F\u00edlmico Potosino, un espacio con seis estaciones de consulta ubicado en el&nbsp;<em>mezanine&nbsp;<\/em>del Cineteatro.<\/p>\n\n\n\n<p>\u201cAqu\u00ed se puede ver cine filmado en San Luis durante los \u00faltimos 20 a\u00f1os: m\u00e1s de 100 cortometrajes, largometrajes y videoclips que nos permiten entender c\u00f3mo era nuestra ciudad, nuestras historias\u201d, explica Patl\u00e1n. Obras como&nbsp;<em>Peyote,<\/em>&nbsp;de Omar Flores;&nbsp;<em>Arabia,<\/em>&nbsp;o&nbsp;<em>Tequenchu,<\/em>&nbsp;de Carlos Matienzo, forman parte de la colecci\u00f3n.<\/p>\n\n\n\n<p>La intenci\u00f3n, afirma, es construir una memoria audiovisual del estado, un trabajo que considera de largo aliento. \u201cEspero que nunca se termine. La idea es que cada administraci\u00f3n contin\u00fae lo que empezamos\u201d. Comenta que la consulta de materiales es gratuita, bajo acuerdos con las y los realizadores para evitar cualquier uso comercial.<\/p>\n\n\n\n<p>Otra de las iniciativas que se han emprendido es \u201cCineteca en tu Municipio\u201d, un programa itinerante que desde 2021 lleva cine a los 59 municipios del estado.<\/p>\n\n\n\n<p>\u201cLa pantalla inflable y el sistema de audio viajan a comunidades que nunca han tenido una sala de cine. Es emocionante ver la reacci\u00f3n de ni\u00f1as y ni\u00f1os al vivir esta experiencia por primera vez\u201d, relata.<\/p>\n\n\n\n<p>Existe un impacto directo en la afluencia, pues, de un promedio de 25 a 30 personas por funci\u00f3n, hoy la Cineteca recibe hasta 150 espectadores por proyecci\u00f3n, con m\u00e1s de 30 mil asistentes al a\u00f1o.<\/p>\n\n\n\n<p>\u201cGracias a una cartelera m\u00e1s diversa, que incluye tanto cine comercial como nacional, hemos captado nuevos p\u00fablicos. Muchos vienen por una pel\u00edcula conocida y terminan descubriendo documentales o autores mexicanos\u201d, comenta.<\/p>\n\n\n\n<p>Para Patl\u00e1n, el objetivo a mediano plazo es que la Cineteca se consolide como un referente nacional. \u201cQueremos que cuando se hable de cine en M\u00e9xico, se mencione tambi\u00e9n a San Luis Potos\u00ed. Esta es la \u00faltima gran sala de cine con m\u00e1s de 1,300 butacas que queda en el pa\u00eds\u201d, afirma.<\/p>\n\n\n\n<p>Con miras al 85 aniversario del recinto, la apuesta es crecer sin perder esencia. \u201cLo m\u00e1s bonito ser\u00eda que los potosinos se vuelvan m\u00e1s exigentes con nosotros, que pidan m\u00e1s funciones, m\u00e1s cine, m\u00e1s acervo. Eso significar\u00eda que lo que estamos haciendo les importa\u201d, concluye.<\/p>\n\n\n\n<p>Para conocer m\u00e1s sobre la programaci\u00f3n y actividades de la Cineteca Alameda, puede consultarse su sitio web (<a rel=\"noreferrer noopener\" target=\"_blank\" href=\"https:\/\/cinetecaalameda.com.mx\/\">cinetecaalameda.com.mx<\/a>) y redes sociales, en Facebook (<a rel=\"noreferrer noopener\" target=\"_blank\" href=\"https:\/\/www.facebook.com\/CinetecaAlameda1941\">facebook.com\/CinetecaAlameda1941<\/a>) e Instagram (<a rel=\"noreferrer noopener\" target=\"_blank\" href=\"https:\/\/www.instagram.com\/cinetecaalameda\/?hl=es\">instagram.com\/cinetecaalameda<\/a>).<\/p>\n","protected":false},"excerpt":{"rendered":"<p>Desde 2021, la Cineteca Alameda de San Luis Potos\u00ed experimenta una importante transformaci\u00f3n, empez\u00f3 con el apoyo del Instituto Mexicano de Cinematograf\u00eda (IMCINE), organismo de la Secretar\u00eda de Cultura del Gobierno de M\u00e9xico, a trav\u00e9s del apoyo del Fondo de Fomento al Cine Mexicano (FOCINE), que permiti\u00f3 renovar su equipo de proyecci\u00f3n con un ca\u00f1\u00f3n [&hellip;]<\/p>\n","protected":false},"author":1,"featured_media":52665,"comment_status":"open","ping_status":"open","sticky":false,"template":"","format":"standard","meta":{"advanced_seo_description":"","jetpack_seo_html_title":"","jetpack_seo_noindex":false,"footnotes":"","jetpack_publicize_message":"","jetpack_is_tweetstorm":false,"jetpack_publicize_feature_enabled":true,"jetpack_social_post_already_shared":true,"jetpack_social_options":{"image_generator_settings":{"template":"highway","enabled":false}}},"categories":[26],"tags":[],"class_list":["post-52664","post","type-post","status-publish","format-standard","has-post-thumbnail","hentry","category-cultura"],"jetpack_publicize_connections":[],"jetpack_featured_media_url":"https:\/\/elcensornoticias.com\/wp-content\/uploads\/2025\/07\/Cineteca-Alameda_01.jpg","jetpack_likes_enabled":true,"jetpack_sharing_enabled":true,"jetpack_shortlink":"https:\/\/wp.me\/p6xy50-dHq","_links":{"self":[{"href":"https:\/\/elcensornoticias.com\/index.php?rest_route=\/wp\/v2\/posts\/52664","targetHints":{"allow":["GET"]}}],"collection":[{"href":"https:\/\/elcensornoticias.com\/index.php?rest_route=\/wp\/v2\/posts"}],"about":[{"href":"https:\/\/elcensornoticias.com\/index.php?rest_route=\/wp\/v2\/types\/post"}],"author":[{"embeddable":true,"href":"https:\/\/elcensornoticias.com\/index.php?rest_route=\/wp\/v2\/users\/1"}],"replies":[{"embeddable":true,"href":"https:\/\/elcensornoticias.com\/index.php?rest_route=%2Fwp%2Fv2%2Fcomments&post=52664"}],"version-history":[{"count":1,"href":"https:\/\/elcensornoticias.com\/index.php?rest_route=\/wp\/v2\/posts\/52664\/revisions"}],"predecessor-version":[{"id":52666,"href":"https:\/\/elcensornoticias.com\/index.php?rest_route=\/wp\/v2\/posts\/52664\/revisions\/52666"}],"wp:featuredmedia":[{"embeddable":true,"href":"https:\/\/elcensornoticias.com\/index.php?rest_route=\/wp\/v2\/media\/52665"}],"wp:attachment":[{"href":"https:\/\/elcensornoticias.com\/index.php?rest_route=%2Fwp%2Fv2%2Fmedia&parent=52664"}],"wp:term":[{"taxonomy":"category","embeddable":true,"href":"https:\/\/elcensornoticias.com\/index.php?rest_route=%2Fwp%2Fv2%2Fcategories&post=52664"},{"taxonomy":"post_tag","embeddable":true,"href":"https:\/\/elcensornoticias.com\/index.php?rest_route=%2Fwp%2Fv2%2Ftags&post=52664"}],"curies":[{"name":"wp","href":"https:\/\/api.w.org\/{rel}","templated":true}]}}