{"id":52661,"date":"2025-07-07T20:04:15","date_gmt":"2025-07-07T20:04:15","guid":{"rendered":"http:\/\/elcensornoticias.com\/?p=52661"},"modified":"2025-07-07T20:04:24","modified_gmt":"2025-07-07T20:04:24","slug":"encabeza-gobernadora-arranque-de-la-fiesta-del-bosque-2025","status":"publish","type":"post","link":"https:\/\/elcensornoticias.com\/?p=52661","title":{"rendered":"ENCABEZA GOBERNADORA ARRANQUE DE LA FIESTA DEL BOSQUE 2025"},"content":{"rendered":"\n<p>Sembramos algo m\u00e1s profundo, un legado de conciencia para quienes vienen detr\u00e1s de nosotros: Cu\u00e9llar Cisneros_<\/p>\n\n\n\n<p>La gobernadora Lorena Cu\u00e9llar Cisneros encabez\u00f3 el arranque de la Fiesta del Bosque 2025, donde dio a conocer que, en coordinaci\u00f3n con el gobierno federal, se invertir\u00e1n 10 millones de pesos para la restauraci\u00f3n de zonas afectadas por incendios en el estado de Tlaxcala en este 2025. Asimismo, se sembrar\u00e1n 353 mil \u00e1rboles en una jornada que ser\u00e1 hist\u00f3rica y que sumar\u00e1 el trabajo de ejidos, brigadas, voluntarios y autoridades.&nbsp;<\/p>\n\n\n\n<p>\u201cEsta fiesta es mucho m\u00e1s que una actividad ambiental, es una declaraci\u00f3n de principios, es el compromiso de que en Tlaxcala se puede gobernar con amor a la naturaleza que es posible transformar desde el respeto a la tierra. Pero tambi\u00e9n sembramos algo m\u00e1s profundo, un legado de conciencia para quienes vienen detr\u00e1s de nosotros. Nuestro esfuerzo compartido entre el pueblo y el gobierno es ejemplo de inspiraci\u00f3n para la naci\u00f3n\u201d, asegur\u00f3.&nbsp;<\/p>\n\n\n\n<p>Al destacar que Tlaxcala ha sido reconocida como ejemplo en materia ambiental, as\u00ed como por el cuidado y saneamiento de agua por el Gobierno de M\u00e9xico, la mandataria fungi\u00f3 como testigo de honor en la firma de los Convenios de Concertaci\u00f3n del Componente: Manejo forestal comunitario y cadenas de valor, entre Conafor y los ejidos de Santa Cruz Pocitos, colonia Guadalupe, Buenavista y Santiago Atltzayanca, con una inversi\u00f3n superior a 1.8 millones de pesos.<\/p>\n\n\n\n<p>\u201cReconocemos a 60 nuevos combatientes forestales, hombres y mujeres valientes, que proteger\u00e1n tambi\u00e9n con entrega lo que a todos nos pertenece, y lanzamos el programa Bienestar de los Ecosistemas, que coordina esfuerzos con justicia y equidad. Cada acci\u00f3n es una cadena de confianza entre el gobierno y el pueblo. Derivado de este trabajo conjunto, hoy tenemos grandes motivos para sentirnos orgullosos de lo que estamos sembrando juntos\u201d, afirm\u00f3.&nbsp;<\/p>\n\n\n\n<p>Ante los asistentes, la gobernadora destac\u00f3 que el espacio inmersivo del agua de Tlaxcala y el parque Federico Silva han despertado en inter\u00e9s de muchos otros estados, \u201cincluso pa\u00edses como Espa\u00f1a y Jap\u00f3n que hoy buscan inspirarse en nuestra visi\u00f3n de transformar ese espacio antes degradado; ahora es un centro de educaci\u00f3n y celebraci\u00f3n del agua, porque esa agua hoy certificada se regresa al r\u00edo ya limpia, pero tambi\u00e9n nos est\u00e1 sirviendo para el riego. Hoy est\u00e1 sirviendo de ejemplo nacional. Es una planta totalmente libre de olores y por todo eso es un ejemplo\u201d, concluy\u00f3.&nbsp;<\/p>\n\n\n\n<p>El titular de la Secretar\u00eda de Medio Ambiente, Pedro Aquino Alvarado, adelant\u00f3 que ante los esfuerzos del estado a favor del medio ambiente, ya se tienen los primeros resultados: \u201cVoy a darles una primicia que ya est\u00e1 volteando tambi\u00e9n la Federaci\u00f3n a ver qu\u00e9 estamos haciendo en materia de informaci\u00f3n sobre cambio clim\u00e1tico. Ya el Instituto Nacional de Ecolog\u00eda y Cambio Clim\u00e1tico nos busc\u00f3 y quieren conocer ese sistema que estamos trabajando con apoyo de la cooperaci\u00f3n t\u00e9cnica alemana y que esto pueda ser un modelo para otros lugares, porque lo que se hace con amor, lo que se hace con pasi\u00f3n se traduce en buenos resultados\u201d, asegur\u00f3.<\/p>\n\n\n\n<p>En el teatro al aire libre del Jard\u00edn Bot\u00e1nico de Tizatl\u00e1n, el titular de la Oficina de representaci\u00f3n estatal de Conafor en Tlaxcala, Isaac Santiago Ju\u00e1rez, explic\u00f3 que en el marco del D\u00eda del \u00c1rbol y el Mes del Bosque en Tlaxcala, se llegar\u00e1 a 300 hect\u00e1reas de recuperaci\u00f3n de superficies afectadas por incendios y plagas forestales.<\/p>\n\n\n\n<p>\u201cEn el caso de servicios ambientales, en este a\u00f1o, por primera vez, vamos a ejecutar mil 700 hect\u00e1reas; es un dato hist\u00f3rico para Tlaxcala con un apoyo de 3.7 millones de pesos. Por primera vez tambi\u00e9n trabajaremos dos proyectos para mujeres que suman en total 2.5 millones de pesos y quedar\u00e1n aplicados en el municipio de Tlaxco.&nbsp; En total, en este a\u00f1o, al cierre de esta convocatoria, estaremos ejecutando en Tlaxcala 16 millones de pesos\u201d, indic\u00f3.<\/p>\n\n\n\n<p>Refrend\u00f3 el trabajo de la Conafor para combatir a los incendios, \u201cseguiremos fortaleciendo el tema de la capacitaci\u00f3n y aprovecho el espacio, gobernadora, para comentarle que estamos en el proceso de que cuatro compa\u00f1eros est\u00e1n en la certificaci\u00f3n para participar en los incendios de Estados Unidos y Canad\u00e1. Cuatro tlaxcaltecas que tienen la experiencia, que tienen el conocimiento, estar\u00e1n participando en incendios en otros pa\u00edses\u201d, acot\u00f3.&nbsp;<\/p>\n\n\n\n<p>En tanto, el presidente del comisariado ejidal de Santiago Atltzayanca, Fabi\u00e1n Fern\u00e1ndez Cabrera, agradeci\u00f3 todo lo que realiza la gobernadora Lorena Cu\u00e9llar a favor del estado, \u201cporque no nada m\u00e1s voltea la cara para un lado. Me parece que todo en compa\u00f1\u00eda de la presidenta Claudia Sheinbaum Pardo, la verdad, con esa coordinaci\u00f3n trabajando como mujeres, nos est\u00e1n demostrando lo capaz que son en verdad para la gente trabajadora, voltean hacia el campo y nosotros como gente trabajadora les agradecemos mucho la manera en que est\u00e1n trabajando coordinadas con nosotros\u201d, enfatiz\u00f3.<\/p>\n\n\n\n<p>En el evento estuvieron los presidentes de los ejidos de Santa Cruz Pocitos, Marcos Asunci\u00f3n Barrientos Aguayo; de la colonia Guadalupe, Jos\u00e9 Manuel Arroyo Castillo; de&nbsp;<\/p>\n\n\n\n<p>Buenavista, Raymundo Rodr\u00edguez Arroyo, y de Santiago Atltzayanca, Fabi\u00e1n Hern\u00e1ndez cabrera, as\u00ed como brigadistas de Conafor, SMA y de la 23 zona militar, entre otras autoridades.<\/p>\n","protected":false},"excerpt":{"rendered":"<p>Sembramos algo m\u00e1s profundo, un legado de conciencia para quienes vienen detr\u00e1s de nosotros: Cu\u00e9llar Cisneros_ La gobernadora Lorena Cu\u00e9llar Cisneros encabez\u00f3 el arranque de la Fiesta del Bosque 2025, donde dio a conocer que, en coordinaci\u00f3n con el gobierno federal, se invertir\u00e1n 10 millones de pesos para la restauraci\u00f3n de zonas afectadas por incendios [&hellip;]<\/p>\n","protected":false},"author":1,"featured_media":52662,"comment_status":"open","ping_status":"open","sticky":false,"template":"","format":"standard","meta":{"advanced_seo_description":"","jetpack_seo_html_title":"","jetpack_seo_noindex":false,"footnotes":"","jetpack_publicize_message":"","jetpack_is_tweetstorm":false,"jetpack_publicize_feature_enabled":true,"jetpack_social_post_already_shared":true,"jetpack_social_options":{"image_generator_settings":{"template":"highway","enabled":false}}},"categories":[5,3],"tags":[],"class_list":["post-52661","post","type-post","status-publish","format-standard","has-post-thumbnail","hentry","category-carrucel","category-gobierno"],"jetpack_publicize_connections":[],"jetpack_featured_media_url":"https:\/\/elcensornoticias.com\/wp-content\/uploads\/2025\/07\/IMG-20250707-WA0026.jpg","jetpack_likes_enabled":true,"jetpack_sharing_enabled":true,"jetpack_shortlink":"https:\/\/wp.me\/p6xy50-dHn","_links":{"self":[{"href":"https:\/\/elcensornoticias.com\/index.php?rest_route=\/wp\/v2\/posts\/52661","targetHints":{"allow":["GET"]}}],"collection":[{"href":"https:\/\/elcensornoticias.com\/index.php?rest_route=\/wp\/v2\/posts"}],"about":[{"href":"https:\/\/elcensornoticias.com\/index.php?rest_route=\/wp\/v2\/types\/post"}],"author":[{"embeddable":true,"href":"https:\/\/elcensornoticias.com\/index.php?rest_route=\/wp\/v2\/users\/1"}],"replies":[{"embeddable":true,"href":"https:\/\/elcensornoticias.com\/index.php?rest_route=%2Fwp%2Fv2%2Fcomments&post=52661"}],"version-history":[{"count":1,"href":"https:\/\/elcensornoticias.com\/index.php?rest_route=\/wp\/v2\/posts\/52661\/revisions"}],"predecessor-version":[{"id":52663,"href":"https:\/\/elcensornoticias.com\/index.php?rest_route=\/wp\/v2\/posts\/52661\/revisions\/52663"}],"wp:featuredmedia":[{"embeddable":true,"href":"https:\/\/elcensornoticias.com\/index.php?rest_route=\/wp\/v2\/media\/52662"}],"wp:attachment":[{"href":"https:\/\/elcensornoticias.com\/index.php?rest_route=%2Fwp%2Fv2%2Fmedia&parent=52661"}],"wp:term":[{"taxonomy":"category","embeddable":true,"href":"https:\/\/elcensornoticias.com\/index.php?rest_route=%2Fwp%2Fv2%2Fcategories&post=52661"},{"taxonomy":"post_tag","embeddable":true,"href":"https:\/\/elcensornoticias.com\/index.php?rest_route=%2Fwp%2Fv2%2Ftags&post=52661"}],"curies":[{"name":"wp","href":"https:\/\/api.w.org\/{rel}","templated":true}]}}