{"id":52654,"date":"2025-07-07T20:01:07","date_gmt":"2025-07-07T20:01:07","guid":{"rendered":"http:\/\/elcensornoticias.com\/?p=52654"},"modified":"2025-07-07T20:01:19","modified_gmt":"2025-07-07T20:01:19","slug":"mx-nuestro-cine-estrena-el-eden-bajo-el-fusil","status":"publish","type":"post","link":"https:\/\/elcensornoticias.com\/?p=52654","title":{"rendered":"MX NUESTRO CINE ESTRENA\u00a0EL ED\u00c9N BAJO EL FUSIL"},"content":{"rendered":"\n<ul class=\"wp-block-list\">\n<li>Como parte de la alianza con<strong>\u00a0Naranjas de Hiroshima<\/strong>, se presentaporprimera vez el reci\u00e9n digitalizado largometraje\u00a0<strong><em>El ed\u00e9n bajo el fusil<\/em><\/strong>, documental que reconstruye la memoria de las guerrillas de Genaro V\u00e1zquez y Lucio Caba\u00f1as durante los a\u00f1os 60 a 80 en Guerrero<\/li>\n\n\n\n<li><strong>Estreno<\/strong>:\u00a0<strong>mi\u00e9rcoles 9 de julio a las 21:00 horas<\/strong>\u00a0por\u00a0<strong>MX Nuestro Cine<\/strong><\/li>\n<\/ul>\n\n\n\n<p><strong>Ciudad de M\u00e9xico, a 7 de julio de 2025.<\/strong>&nbsp;Como parte de la&nbsp;<strong>1\u00aa Muestra de Cine Documental Naranjas de Hiroshima,&nbsp;MX Nuestro Cine&nbsp;<\/strong>presenta el estreno digital de&nbsp;<strong><em>El ed\u00e9n bajo el fusil<\/em><\/strong>, documental filmado en 16mm por Salvador D\u00edaz y Pedro Reygadas que retrata la lucha social y armada en Guerrero entre los a\u00f1os 60 y 80.<\/p>\n\n\n\n<p><strong>Promocional&nbsp;<\/strong><strong><em><u><a rel=\"noreferrer noopener\" target=\"_blank\" href=\"https:\/\/youtu.be\/tHqsYqUNj84?si=L1Jr48P410kD8dtU\">El ed\u00e9n bajo el fusil<\/a><\/u><\/em><\/strong><\/p>\n\n\n\n<p>Este registro hist\u00f3rico, rescatado mediante un proceso de digitalizaci\u00f3n, fue realizado por la&nbsp;<strong>Escuela Nacional de Artes Cinematogr\u00e1ficas de la UNAM (ENAC),<\/strong>&nbsp;y documenta tres d\u00e9cadas de resistencia campesina y represi\u00f3n estatal. La cinta analiza, desde los movimientos guerrilleros de la&nbsp;<strong>Asociaci\u00f3n C\u00edvica Nacional Revolucionaria (ACNR)<\/strong>&nbsp;y el&nbsp;<strong>Partido de los Pobres (PDLP)<\/strong>,&nbsp;hasta las masacres que marcaron el inicio de la violencia sist\u00e9mica en el estado.<\/p>\n\n\n\n<p>A trav\u00e9s de testimonios de l\u00edderes copreros, madereros y familiares de desaparecidos, la cinta expone los contrastes brutales de un estado marcado por la pobreza y la rebeld\u00eda: desde los para\u00edsos tur\u00edsticos de Acapulco, hasta las comunidades serranas como&nbsp;El Puerto del Ed\u00e9n. El relato incluye eventos clave como la matanza de Iguala (1960), el asesinato de 38 copreros en Acapulco (1967) y la desaparici\u00f3n forzada de m\u00e1s de 300 personas en Atoyac, cr\u00edmenes que sientan las bases de tragedias posteriores como Aguas Blancas o Ayotzinapa.<\/p>\n\n\n\n<p>Con im\u00e1genes filmadas en los escenarios reales de la guerra sucia,<strong>&nbsp;<em>El ed\u00e9n bajo el fusil<\/em><\/strong>revela c\u00f3mo la resistencia guerrerense, desde Vicente Guerrero hasta las polic\u00edas comunitarias de los 90, ha sido sistem\u00e1ticamente silenciada.<\/p>\n\n\n\n<p>La pel\u00edcula se proyectar\u00e1 el&nbsp;<strong>mi\u00e9rcoles 9 de julio a las 21:00 horas<\/strong>&nbsp;por la&nbsp;<strong>se\u00f1al 22.2<\/strong>, y por&nbsp;<em>streaming<\/em>&nbsp;a trav\u00e9s del portal de&nbsp;<strong><u><a rel=\"noreferrer noopener\" target=\"_blank\" href=\"https:\/\/www.canal22.org.mx\/mx_nuestro_cine.html\">MX Nuestro Cine<\/a><\/u><\/strong>.<\/p>\n\n\n\n<p><strong>Promocional&nbsp;<\/strong><strong><em><u><a rel=\"noreferrer noopener\" target=\"_blank\" href=\"https:\/\/youtu.be\/yonNW2gVbrg?si=nLN_9v4rBGdKmiPx\">Naranjas de Hiroshima. Ciclo de cine documental mexicano<\/a><\/u><\/em><\/strong><\/p>\n\n\n\n<p>Lo mejor del s\u00e9ptimo arte mexicano e iberoamericano por&nbsp;<strong>MX Nuestro Cine<\/strong>, la se\u00f1al dedicada al cine de&nbsp;<strong>Canal Veintid\u00f3s<\/strong>.&nbsp;<\/p>\n","protected":false},"excerpt":{"rendered":"<p>Ciudad de M\u00e9xico, a 7 de julio de 2025.&nbsp;Como parte de la&nbsp;1\u00aa Muestra de Cine Documental Naranjas de Hiroshima,&nbsp;MX Nuestro Cine&nbsp;presenta el estreno digital de&nbsp;El ed\u00e9n bajo el fusil, documental filmado en 16mm por Salvador D\u00edaz y Pedro Reygadas que retrata la lucha social y armada en Guerrero entre los a\u00f1os 60 y 80. Promocional&nbsp;El [&hellip;]<\/p>\n","protected":false},"author":1,"featured_media":52655,"comment_status":"open","ping_status":"open","sticky":false,"template":"","format":"standard","meta":{"advanced_seo_description":"","jetpack_seo_html_title":"","jetpack_seo_noindex":false,"footnotes":"","jetpack_publicize_message":"","jetpack_is_tweetstorm":false,"jetpack_publicize_feature_enabled":true,"jetpack_social_post_already_shared":true,"jetpack_social_options":{"image_generator_settings":{"template":"highway","enabled":false}}},"categories":[26],"tags":[],"class_list":["post-52654","post","type-post","status-publish","format-standard","has-post-thumbnail","hentry","category-cultura"],"jetpack_publicize_connections":[],"jetpack_featured_media_url":"https:\/\/elcensornoticias.com\/wp-content\/uploads\/2025\/07\/El-eden-bajo-el-fusil.jpeg","jetpack_likes_enabled":true,"jetpack_sharing_enabled":true,"jetpack_shortlink":"https:\/\/wp.me\/p6xy50-dHg","_links":{"self":[{"href":"https:\/\/elcensornoticias.com\/index.php?rest_route=\/wp\/v2\/posts\/52654","targetHints":{"allow":["GET"]}}],"collection":[{"href":"https:\/\/elcensornoticias.com\/index.php?rest_route=\/wp\/v2\/posts"}],"about":[{"href":"https:\/\/elcensornoticias.com\/index.php?rest_route=\/wp\/v2\/types\/post"}],"author":[{"embeddable":true,"href":"https:\/\/elcensornoticias.com\/index.php?rest_route=\/wp\/v2\/users\/1"}],"replies":[{"embeddable":true,"href":"https:\/\/elcensornoticias.com\/index.php?rest_route=%2Fwp%2Fv2%2Fcomments&post=52654"}],"version-history":[{"count":1,"href":"https:\/\/elcensornoticias.com\/index.php?rest_route=\/wp\/v2\/posts\/52654\/revisions"}],"predecessor-version":[{"id":52656,"href":"https:\/\/elcensornoticias.com\/index.php?rest_route=\/wp\/v2\/posts\/52654\/revisions\/52656"}],"wp:featuredmedia":[{"embeddable":true,"href":"https:\/\/elcensornoticias.com\/index.php?rest_route=\/wp\/v2\/media\/52655"}],"wp:attachment":[{"href":"https:\/\/elcensornoticias.com\/index.php?rest_route=%2Fwp%2Fv2%2Fmedia&parent=52654"}],"wp:term":[{"taxonomy":"category","embeddable":true,"href":"https:\/\/elcensornoticias.com\/index.php?rest_route=%2Fwp%2Fv2%2Fcategories&post=52654"},{"taxonomy":"post_tag","embeddable":true,"href":"https:\/\/elcensornoticias.com\/index.php?rest_route=%2Fwp%2Fv2%2Ftags&post=52654"}],"curies":[{"name":"wp","href":"https:\/\/api.w.org\/{rel}","templated":true}]}}