{"id":52651,"date":"2025-07-07T19:59:29","date_gmt":"2025-07-07T19:59:29","guid":{"rendered":"http:\/\/elcensornoticias.com\/?p=52651"},"modified":"2025-07-07T19:59:36","modified_gmt":"2025-07-07T19:59:36","slug":"espacios-limpios-para-una-sana-convivencia-en-chiautempan","status":"publish","type":"post","link":"https:\/\/elcensornoticias.com\/?p=52651","title":{"rendered":"Espacios limpios para una sana convivencia en Chiautempan"},"content":{"rendered":"\n<p>Con la finalidad de mantener en \u00f3ptimas condiciones los parques y jardines del municipio, el Ayuntamiento de Chiautempan, a trav\u00e9s de la Direcci\u00f3n de Servicios P\u00fablicos, contin\u00faa con las labores permanentes de limpieza, mantenimiento y rehabilitaci\u00f3n de estos espacios.<\/p>\n\n\n\n<p>La presidenta municipal, Blanca Angulo, ha destacado la importancia de brindar lugares adecuados para que las y los j\u00f3venes puedan convivir, realizar actividades f\u00edsicas y mantenerse alejados de conductas nocivas. Su administraci\u00f3n promueve el uso responsable de las \u00e1reas p\u00fablicas como parte de una estrategia integral para fortalecer el bienestar social.<\/p>\n\n\n\n<p>El director de Servicios P\u00fablicos, Ubaldo Baez Ortiz, inform\u00f3 que diariamente se llevan a cabo acciones de limpieza, as\u00ed como reparaci\u00f3n del alumbrado en diferentes zonas del municipio.<\/p>\n\n\n\n<p>Finalmente, se exhorta a quienes hacen uso de estos espacios a mantenerlos en buen estado, depositar la basura en su lugar y evitar acciones que afecten la infraestructura, como el robo de cableado.<\/p>\n","protected":false},"excerpt":{"rendered":"<p>Con la finalidad de mantener en \u00f3ptimas condiciones los parques y jardines del municipio, el Ayuntamiento de Chiautempan, a trav\u00e9s de la Direcci\u00f3n de Servicios P\u00fablicos, contin\u00faa con las labores permanentes de limpieza, mantenimiento y rehabilitaci\u00f3n de estos espacios. La presidenta municipal, Blanca Angulo, ha destacado la importancia de brindar lugares adecuados para que las [&hellip;]<\/p>\n","protected":false},"author":1,"featured_media":52652,"comment_status":"open","ping_status":"open","sticky":false,"template":"","format":"standard","meta":{"advanced_seo_description":"","jetpack_seo_html_title":"","jetpack_seo_noindex":false,"footnotes":"","jetpack_publicize_message":"","jetpack_is_tweetstorm":false,"jetpack_publicize_feature_enabled":true,"jetpack_social_post_already_shared":true,"jetpack_social_options":{"image_generator_settings":{"template":"highway","enabled":false}}},"categories":[2,10],"tags":[],"class_list":["post-52651","post","type-post","status-publish","format-standard","has-post-thumbnail","hentry","category-destacadas","category-municipios"],"jetpack_publicize_connections":[],"jetpack_featured_media_url":"https:\/\/elcensornoticias.com\/wp-content\/uploads\/2025\/07\/75c13760-f31b-4fc0-ae93-d20bccdb048b.jpeg","jetpack_likes_enabled":true,"jetpack_sharing_enabled":true,"jetpack_shortlink":"https:\/\/wp.me\/p6xy50-dHd","_links":{"self":[{"href":"https:\/\/elcensornoticias.com\/index.php?rest_route=\/wp\/v2\/posts\/52651","targetHints":{"allow":["GET"]}}],"collection":[{"href":"https:\/\/elcensornoticias.com\/index.php?rest_route=\/wp\/v2\/posts"}],"about":[{"href":"https:\/\/elcensornoticias.com\/index.php?rest_route=\/wp\/v2\/types\/post"}],"author":[{"embeddable":true,"href":"https:\/\/elcensornoticias.com\/index.php?rest_route=\/wp\/v2\/users\/1"}],"replies":[{"embeddable":true,"href":"https:\/\/elcensornoticias.com\/index.php?rest_route=%2Fwp%2Fv2%2Fcomments&post=52651"}],"version-history":[{"count":1,"href":"https:\/\/elcensornoticias.com\/index.php?rest_route=\/wp\/v2\/posts\/52651\/revisions"}],"predecessor-version":[{"id":52653,"href":"https:\/\/elcensornoticias.com\/index.php?rest_route=\/wp\/v2\/posts\/52651\/revisions\/52653"}],"wp:featuredmedia":[{"embeddable":true,"href":"https:\/\/elcensornoticias.com\/index.php?rest_route=\/wp\/v2\/media\/52652"}],"wp:attachment":[{"href":"https:\/\/elcensornoticias.com\/index.php?rest_route=%2Fwp%2Fv2%2Fmedia&parent=52651"}],"wp:term":[{"taxonomy":"category","embeddable":true,"href":"https:\/\/elcensornoticias.com\/index.php?rest_route=%2Fwp%2Fv2%2Fcategories&post=52651"},{"taxonomy":"post_tag","embeddable":true,"href":"https:\/\/elcensornoticias.com\/index.php?rest_route=%2Fwp%2Fv2%2Ftags&post=52651"}],"curies":[{"name":"wp","href":"https:\/\/api.w.org\/{rel}","templated":true}]}}