{"id":52648,"date":"2025-07-07T19:54:14","date_gmt":"2025-07-07T19:54:14","guid":{"rendered":"http:\/\/elcensornoticias.com\/?p=52648"},"modified":"2025-07-07T19:54:27","modified_gmt":"2025-07-07T19:54:27","slug":"tlaxcala-se-posiciona-como-referente-nacional-en-gestion-hidrica-sustentable","status":"publish","type":"post","link":"https:\/\/elcensornoticias.com\/?p=52648","title":{"rendered":"TLAXCALA SE POSICIONA COMO REFERENTE NACIONAL EN GESTI\u00d3N H\u00cdDRICA SUSTENTABLE"},"content":{"rendered":"\n<p>El complejo que integra la Planta de Tratamiento Intermunicipal de Aguas Residuales, el Parque \u201cFederico Silva\u201d y el Espacio Inmersivo del Agua atrae el inter\u00e9s de estados, municipios y organismos internacionales con miras a replicarlo.<\/p>\n\n\n\n<p>Tras el reconocimiento de la presidenta de M\u00e9xico, Claudia Sheinbaum Pardo, al modelo de gesti\u00f3n del agua desarrollado en Tlaxcala, que integra la Planta de Tratamiento Intermunicipal, el Espacio Inmersivo del Agua y el Parque \u00abFederico Silva\u00bb, ubicados en la comunidad de San Hip\u00f3lito Chimalpa en la capital, la entidad ha recibido visitas de diversas institucionales interesadas en este esquema.&nbsp;<\/p>\n\n\n\n<p>Durante una visita oficial, la mandataria federal elogi\u00f3 este modelo impulsado por la gobernadora Lorena Cu\u00e9llar Cisneros, como \u201cuna muestra ejemplar de lo que se puede lograr cuando se combina el compromiso ambiental con la creatividad comunitaria y la innovaci\u00f3n tecnol\u00f3gica\u201d.<\/p>\n\n\n\n<p>Este complejo, que articula sostenibilidad, ciencia, arte y participaci\u00f3n ciudadana, ha sido consolidado como modelo nacional por sus capacidades educativas, su dise\u00f1o inmersivo y su enfoque inclusivo que vincula a personas de todas las edades en procesos de concientizaci\u00f3n ambiental.<\/p>\n\n\n\n<p>El titular de la Comisi\u00f3n Estatal del Agua y Saneamiento (CEAS), Israel Tob\u00f3n Solano, inform\u00f3 que, en los \u00faltimos meses, m\u00e1s de 20 instituciones locales, nacionales e internacionales han visitado este espacio para conocer de primera mano su modelo de integraci\u00f3n ecol\u00f3gica, cultural y tecnol\u00f3gica.<\/p>\n\n\n\n<p>Entre los visitantes que han recorrido este espacio se encuentran la Comisi\u00f3n de Agua de Mexicali, Baja California; la Secretar\u00eda de Medio Ambiente, la Comisi\u00f3n Estatal de Agua y Saneamiento y la Direcci\u00f3n de CONAGUA del estado de Puebla; los organismos municipales de agua de San Mart\u00edn Texmelucan, San Andr\u00e9s Cholula y Zacatl\u00e1n, tambi\u00e9n pertenecientes a la misma entidad.&nbsp;<\/p>\n\n\n\n<p>Asimismo, se ha recibido la visita de los organismos de agua de Ciudad Ju\u00e1rez y Ciudad Cuauht\u00e9moc, de Chihuahua; la Comisi\u00f3n de Agua para el Bienestar de Oaxaca y la Asociaci\u00f3n Nacional de Entidades de Agua y Saneamiento de M\u00e9xico (ANEAS) y la delegaci\u00f3n de directores y especialistas de ocho municipios de Guanajuato (Ac\u00e1mbaro, Yuriria, Valle de Santiago, Salamanca, Guanajuato capital, San Miguel de Allende, Irapuato y Le\u00f3n).<\/p>\n\n\n\n<p>En el \u00e1mbito internacional, inform\u00f3 Tob\u00f3n Solano, se ha recibido a representantes de la Agencia Japonesa de Cooperaci\u00f3n Internacional (JICA) y de la Agencia Espa\u00f1ola de Cooperaci\u00f3n Internacional (AECID).<\/p>\n\n\n\n<p>El modelo desarrollado en Tlaxcala, afirm\u00f3 el titular de la CEAS, ha captado la atenci\u00f3n de organismos p\u00fablicos de diversos sector y entidades del pa\u00eds, no s\u00f3lo por contribuir en el saneamiento del r\u00edo Zahuapan, sino por el concepto integral que ha transformado espacios, antes degradados, en centros de educaci\u00f3n y celebraci\u00f3n del agua, generando un impacto tangible en la comunidad.<\/p>\n\n\n\n<p>Finalmente, destac\u00f3 que este proyecto forma parte de una estrategia integral en materia de pol\u00edticas sociales, ambientales y de infraestructura que impulsa el gobierno de Lorena Cu\u00e9llar, con el objetivo de colocar a Tlaxcala a la vanguardia nacional en desarrollo sostenible y bienestar comunitario.<\/p>\n","protected":false},"excerpt":{"rendered":"<p>El complejo que integra la Planta de Tratamiento Intermunicipal de Aguas Residuales, el Parque \u201cFederico Silva\u201d y el Espacio Inmersivo del Agua atrae el inter\u00e9s de estados, municipios y organismos internacionales con miras a replicarlo. Tras el reconocimiento de la presidenta de M\u00e9xico, Claudia Sheinbaum Pardo, al modelo de gesti\u00f3n del agua desarrollado en Tlaxcala, [&hellip;]<\/p>\n","protected":false},"author":1,"featured_media":52649,"comment_status":"open","ping_status":"open","sticky":false,"template":"","format":"standard","meta":{"advanced_seo_description":"","jetpack_seo_html_title":"","jetpack_seo_noindex":false,"footnotes":"","jetpack_publicize_message":"","jetpack_is_tweetstorm":false,"jetpack_publicize_feature_enabled":true,"jetpack_social_post_already_shared":true,"jetpack_social_options":{"image_generator_settings":{"template":"highway","enabled":false}}},"categories":[5,3],"tags":[],"class_list":["post-52648","post","type-post","status-publish","format-standard","has-post-thumbnail","hentry","category-carrucel","category-gobierno"],"jetpack_publicize_connections":[],"jetpack_featured_media_url":"https:\/\/elcensornoticias.com\/wp-content\/uploads\/2025\/07\/IMG-20250707-WA0006.jpg","jetpack_likes_enabled":true,"jetpack_sharing_enabled":true,"jetpack_shortlink":"https:\/\/wp.me\/p6xy50-dHa","_links":{"self":[{"href":"https:\/\/elcensornoticias.com\/index.php?rest_route=\/wp\/v2\/posts\/52648","targetHints":{"allow":["GET"]}}],"collection":[{"href":"https:\/\/elcensornoticias.com\/index.php?rest_route=\/wp\/v2\/posts"}],"about":[{"href":"https:\/\/elcensornoticias.com\/index.php?rest_route=\/wp\/v2\/types\/post"}],"author":[{"embeddable":true,"href":"https:\/\/elcensornoticias.com\/index.php?rest_route=\/wp\/v2\/users\/1"}],"replies":[{"embeddable":true,"href":"https:\/\/elcensornoticias.com\/index.php?rest_route=%2Fwp%2Fv2%2Fcomments&post=52648"}],"version-history":[{"count":1,"href":"https:\/\/elcensornoticias.com\/index.php?rest_route=\/wp\/v2\/posts\/52648\/revisions"}],"predecessor-version":[{"id":52650,"href":"https:\/\/elcensornoticias.com\/index.php?rest_route=\/wp\/v2\/posts\/52648\/revisions\/52650"}],"wp:featuredmedia":[{"embeddable":true,"href":"https:\/\/elcensornoticias.com\/index.php?rest_route=\/wp\/v2\/media\/52649"}],"wp:attachment":[{"href":"https:\/\/elcensornoticias.com\/index.php?rest_route=%2Fwp%2Fv2%2Fmedia&parent=52648"}],"wp:term":[{"taxonomy":"category","embeddable":true,"href":"https:\/\/elcensornoticias.com\/index.php?rest_route=%2Fwp%2Fv2%2Fcategories&post=52648"},{"taxonomy":"post_tag","embeddable":true,"href":"https:\/\/elcensornoticias.com\/index.php?rest_route=%2Fwp%2Fv2%2Ftags&post=52648"}],"curies":[{"name":"wp","href":"https:\/\/api.w.org\/{rel}","templated":true}]}}