{"id":52642,"date":"2025-07-06T20:36:50","date_gmt":"2025-07-06T20:36:50","guid":{"rendered":"http:\/\/elcensornoticias.com\/?p=52642"},"modified":"2025-07-06T20:36:58","modified_gmt":"2025-07-06T20:36:58","slug":"refuerzan-propaet-y-conafor-capacitacion-forestal-con-entrega-de-insumos","status":"publish","type":"post","link":"https:\/\/elcensornoticias.com\/?p=52642","title":{"rendered":"REFUERZAN PROPAET Y CONAFOR CAPACITACI\u00d3N FORESTAL CON ENTREGA DE INSUMOS"},"content":{"rendered":"\n<p>Colaboraci\u00f3n interinstitucional fortalece la educaci\u00f3n t\u00e9cnica en el manejo y conservaci\u00f3n de recursos forestales_<\/p>\n\n\n\n<p>Con el prop\u00f3sito de elevar la calidad t\u00e9cnica en materia forestal,&nbsp;<\/p>\n\n\n\n<p>La Procuradur\u00eda de Protecci\u00f3n al Ambiente del Estado (PROPAET) y la Comisi\u00f3n Nacional Forestal (CONAFOR), mediante su oficina de representaci\u00f3n en Tlaxcala, realizaron la entrega-recepci\u00f3n de insumos destinados a potenciar las acciones de capacitaci\u00f3n en el sector.<\/p>\n\n\n\n<p>Estas acciones se desarrollan en el marco del convenio de Colaboraci\u00f3n en Materia de Capacitaci\u00f3n Forestal qu busca dotar de herramientas y conocimientos al personal involucrado en la gesti\u00f3n y conservaci\u00f3n de los recursos forestales del estado.<\/p>\n\n\n\n<p>Como testigo de honor asisti\u00f3 el secretario de Medio Ambiente, Pedro Aquino Alvarado, quien destac\u00f3 la importancia de esta sinergia interinstitucional para impulsar acciones de educaci\u00f3n ambiental, conservaci\u00f3n ecol\u00f3gica y uso sustentable del patrimonio forestal.<\/p>\n\n\n\n<p>En tanto, Iv\u00e1n Garc\u00eda Ju\u00e1rez, titular de la PROPAET; e Isaac Santiago Ju\u00e1rez, jefe de la oficina de la CONAFOR en Tlaxcala, detallaron que con este acto se da cumplimiento a las cl\u00e1usulas primera, segunda y sexta del convenio.&nbsp;<\/p>\n\n\n\n<p>Con esta colaboraci\u00f3n, la PROPAET reafirma su compromiso de trabajar en coordinaci\u00f3n con instancias federales para implementar estrategias de protecci\u00f3n ambiental, reconociendo la capacitaci\u00f3n t\u00e9cnica como pilar fundamental para lograr un desarrollo sustentable en el estado.<\/p>\n","protected":false},"excerpt":{"rendered":"<p>Colaboraci\u00f3n interinstitucional fortalece la educaci\u00f3n t\u00e9cnica en el manejo y conservaci\u00f3n de recursos forestales_ Con el prop\u00f3sito de elevar la calidad t\u00e9cnica en materia forestal,&nbsp; La Procuradur\u00eda de Protecci\u00f3n al Ambiente del Estado (PROPAET) y la Comisi\u00f3n Nacional Forestal (CONAFOR), mediante su oficina de representaci\u00f3n en Tlaxcala, realizaron la entrega-recepci\u00f3n de insumos destinados a potenciar [&hellip;]<\/p>\n","protected":false},"author":1,"featured_media":52643,"comment_status":"open","ping_status":"open","sticky":false,"template":"","format":"standard","meta":{"advanced_seo_description":"","jetpack_seo_html_title":"","jetpack_seo_noindex":false,"footnotes":"","jetpack_publicize_message":"","jetpack_is_tweetstorm":false,"jetpack_publicize_feature_enabled":true,"jetpack_social_post_already_shared":true,"jetpack_social_options":{"image_generator_settings":{"template":"highway","enabled":false}}},"categories":[2,3],"tags":[],"class_list":["post-52642","post","type-post","status-publish","format-standard","has-post-thumbnail","hentry","category-destacadas","category-gobierno"],"jetpack_publicize_connections":[],"jetpack_featured_media_url":"https:\/\/elcensornoticias.com\/wp-content\/uploads\/2025\/07\/IMG-20250706-WA0021.jpg","jetpack_likes_enabled":true,"jetpack_sharing_enabled":true,"jetpack_shortlink":"https:\/\/wp.me\/p6xy50-dH4","_links":{"self":[{"href":"https:\/\/elcensornoticias.com\/index.php?rest_route=\/wp\/v2\/posts\/52642","targetHints":{"allow":["GET"]}}],"collection":[{"href":"https:\/\/elcensornoticias.com\/index.php?rest_route=\/wp\/v2\/posts"}],"about":[{"href":"https:\/\/elcensornoticias.com\/index.php?rest_route=\/wp\/v2\/types\/post"}],"author":[{"embeddable":true,"href":"https:\/\/elcensornoticias.com\/index.php?rest_route=\/wp\/v2\/users\/1"}],"replies":[{"embeddable":true,"href":"https:\/\/elcensornoticias.com\/index.php?rest_route=%2Fwp%2Fv2%2Fcomments&post=52642"}],"version-history":[{"count":1,"href":"https:\/\/elcensornoticias.com\/index.php?rest_route=\/wp\/v2\/posts\/52642\/revisions"}],"predecessor-version":[{"id":52644,"href":"https:\/\/elcensornoticias.com\/index.php?rest_route=\/wp\/v2\/posts\/52642\/revisions\/52644"}],"wp:featuredmedia":[{"embeddable":true,"href":"https:\/\/elcensornoticias.com\/index.php?rest_route=\/wp\/v2\/media\/52643"}],"wp:attachment":[{"href":"https:\/\/elcensornoticias.com\/index.php?rest_route=%2Fwp%2Fv2%2Fmedia&parent=52642"}],"wp:term":[{"taxonomy":"category","embeddable":true,"href":"https:\/\/elcensornoticias.com\/index.php?rest_route=%2Fwp%2Fv2%2Fcategories&post=52642"},{"taxonomy":"post_tag","embeddable":true,"href":"https:\/\/elcensornoticias.com\/index.php?rest_route=%2Fwp%2Fv2%2Ftags&post=52642"}],"curies":[{"name":"wp","href":"https:\/\/api.w.org\/{rel}","templated":true}]}}