{"id":52639,"date":"2025-07-06T20:35:27","date_gmt":"2025-07-06T20:35:27","guid":{"rendered":"http:\/\/elcensornoticias.com\/?p=52639"},"modified":"2025-07-06T20:35:43","modified_gmt":"2025-07-06T20:35:43","slug":"cepc-emite-recomendaciones-ante-inicio-de-canicula","status":"publish","type":"post","link":"https:\/\/elcensornoticias.com\/?p=52639","title":{"rendered":"CEPC EMITE RECOMENDACIONES ANTE INICIO DE CAN\u00cdCULA"},"content":{"rendered":"\n<p>Para Tlaxcala, se prev\u00e9n m\u00e1ximas que oscilan entre los 30 \u00b0C y 35 \u00b0C, as\u00ed como lluvias aisladas en distintos municipios del estado.<\/p>\n\n\n\n<p>La Coordinaci\u00f3n Estatal de Protecci\u00f3n Civil (CEPC) inform\u00f3 que, ante el reporte del Servicio Meteorol\u00f3gico Nacional (SMN) sobre el inicio de la can\u00edcula 2025 que se extender\u00e1 hasta finales de agosto, se emitieron recomendaciones preventivas para salvaguardar la integridad de la poblaci\u00f3n.<\/p>\n\n\n\n<p>Este fen\u00f3meno clim\u00e1tico se caracteriza por cielos despejados, baja nubosidad, escasa precipitaci\u00f3n y un aumento significativo de las temperaturas. Para Tlaxcala, se prev\u00e9n m\u00e1ximas que oscilan entre los 30 \u00b0C y 35 \u00b0C, as\u00ed como lluvias aisladas en distintos municipios del estado.<\/p>\n\n\n\n<p>La CEPC exhorta a la ciudadan\u00eda a tener especial cuidado a grupos vulnerables como ni\u00f1as y ni\u00f1os, adultos mayores y personas con enfermedades cr\u00f3nicas.<\/p>\n\n\n\n<p>Entre las recomendaciones que emiti\u00f3 la dependencia est\u00e1n: mantenerse bien hidratados, evitar la exposici\u00f3n directa al sol entre las 10:00 y 16:00 horas, usar bloqueador solar y utilizar sombreros, gorras o sombrillas.<\/p>\n\n\n\n<p>Adem\u00e1s, vestir ropa ligera, de colores claros y preferentemente de algod\u00f3n y consumir alimentos frescos y bien lavados, no realizar actividad f\u00edsica intensa en horas de mayor calor y nunca dejar personas ni mascotas dentro de veh\u00edculos cerrados.<\/p>\n\n\n\n<p>El titular de la CEPC, Juvencio Nieto Galicia, invit\u00f3 a la ciudadan\u00eda a seguir con responsabilidad estas medidas y record\u00f3 que, adem\u00e1s de las altas temperaturas, se mantiene activo el monitoreo por lluvias en el estado.&nbsp;<\/p>\n\n\n\n<p>Asimismo, subray\u00f3 la importancia de la colaboraci\u00f3n ciudadana para prevenir incidentes derivados de condiciones clim\u00e1ticas extremas.<\/p>\n\n\n\n<p>La dependencia contin\u00faa trabajando en coordinaci\u00f3n con autoridades municipales y otras instancias gubernamentales para reforzar acciones de prevenci\u00f3n, atenci\u00f3n y auxilio en beneficio de las y los tlaxcaltecas.<\/p>\n","protected":false},"excerpt":{"rendered":"<p>Para Tlaxcala, se prev\u00e9n m\u00e1ximas que oscilan entre los 30 \u00b0C y 35 \u00b0C, as\u00ed como lluvias aisladas en distintos municipios del estado. La Coordinaci\u00f3n Estatal de Protecci\u00f3n Civil (CEPC) inform\u00f3 que, ante el reporte del Servicio Meteorol\u00f3gico Nacional (SMN) sobre el inicio de la can\u00edcula 2025 que se extender\u00e1 hasta finales de agosto, se [&hellip;]<\/p>\n","protected":false},"author":1,"featured_media":52640,"comment_status":"open","ping_status":"open","sticky":false,"template":"","format":"standard","meta":{"advanced_seo_description":"","jetpack_seo_html_title":"","jetpack_seo_noindex":false,"footnotes":"","jetpack_publicize_message":"","jetpack_is_tweetstorm":false,"jetpack_publicize_feature_enabled":true,"jetpack_social_post_already_shared":true,"jetpack_social_options":{"image_generator_settings":{"template":"highway","enabled":false}}},"categories":[5,3],"tags":[],"class_list":["post-52639","post","type-post","status-publish","format-standard","has-post-thumbnail","hentry","category-carrucel","category-gobierno"],"jetpack_publicize_connections":[],"jetpack_featured_media_url":"https:\/\/elcensornoticias.com\/wp-content\/uploads\/2025\/07\/IMG-20250523-WA0041.jpg","jetpack_likes_enabled":true,"jetpack_sharing_enabled":true,"jetpack_shortlink":"https:\/\/wp.me\/p6xy50-dH1","_links":{"self":[{"href":"https:\/\/elcensornoticias.com\/index.php?rest_route=\/wp\/v2\/posts\/52639","targetHints":{"allow":["GET"]}}],"collection":[{"href":"https:\/\/elcensornoticias.com\/index.php?rest_route=\/wp\/v2\/posts"}],"about":[{"href":"https:\/\/elcensornoticias.com\/index.php?rest_route=\/wp\/v2\/types\/post"}],"author":[{"embeddable":true,"href":"https:\/\/elcensornoticias.com\/index.php?rest_route=\/wp\/v2\/users\/1"}],"replies":[{"embeddable":true,"href":"https:\/\/elcensornoticias.com\/index.php?rest_route=%2Fwp%2Fv2%2Fcomments&post=52639"}],"version-history":[{"count":1,"href":"https:\/\/elcensornoticias.com\/index.php?rest_route=\/wp\/v2\/posts\/52639\/revisions"}],"predecessor-version":[{"id":52641,"href":"https:\/\/elcensornoticias.com\/index.php?rest_route=\/wp\/v2\/posts\/52639\/revisions\/52641"}],"wp:featuredmedia":[{"embeddable":true,"href":"https:\/\/elcensornoticias.com\/index.php?rest_route=\/wp\/v2\/media\/52640"}],"wp:attachment":[{"href":"https:\/\/elcensornoticias.com\/index.php?rest_route=%2Fwp%2Fv2%2Fmedia&parent=52639"}],"wp:term":[{"taxonomy":"category","embeddable":true,"href":"https:\/\/elcensornoticias.com\/index.php?rest_route=%2Fwp%2Fv2%2Fcategories&post=52639"},{"taxonomy":"post_tag","embeddable":true,"href":"https:\/\/elcensornoticias.com\/index.php?rest_route=%2Fwp%2Fv2%2Ftags&post=52639"}],"curies":[{"name":"wp","href":"https:\/\/api.w.org\/{rel}","templated":true}]}}