{"id":52630,"date":"2025-07-06T20:28:30","date_gmt":"2025-07-06T20:28:30","guid":{"rendered":"http:\/\/elcensornoticias.com\/?p=52630"},"modified":"2025-07-06T20:28:32","modified_gmt":"2025-07-06T20:28:32","slug":"xxxi-concurso-estatal-de-madera-tallada-tlaxcala-2025","status":"publish","type":"post","link":"https:\/\/elcensornoticias.com\/?p=52630","title":{"rendered":"XXXI CONCURSO ESTATAL DE MADERA TALLADA TLAXCALA 2025"},"content":{"rendered":"\n<p>Est\u00e1 dirigido a art\u00edfices que elaboran piezas con materiales, dise\u00f1os y t\u00e9cnicas tradicionales, as\u00ed como a quienes presentan propuestas contempor\u00e1neas_<\/p>\n\n\n\n<p>La Casa de las Artesan\u00edas de Tlaxcala (CAT) emiti\u00f3 la convocatoria para participar en el XXXI Concurso Estatal de Madera Tallada 2025, certamen que busca reconocer el talento de los artesanos tlaxcaltecas, quienes son guardianes de t\u00e9cnicas ancestrales y promotores de la riqueza cultural del estado.<\/p>\n\n\n\n<p>El concurso est\u00e1 dirigido a art\u00edfices que elaboran piezas con materiales, dise\u00f1os y t\u00e9cnicas tradicionales, as\u00ed como a quienes presentan propuestas contempor\u00e1neas que dialogan con los saberes populares.&nbsp;<\/p>\n\n\n\n<p>El registro de obras estar\u00e1 abierto del 16 al 31 de julio en las instalaciones de la CAT, ubicadas en Avenida Emilio S\u00e1nchez Piedras, n\u00famero 1, en el centro de la capital, en un horario de 9:00 a 14:00 horas.<\/p>\n\n\n\n<p>Las categor\u00edas que contempla el certamen son: A bastones rayados y\/o labrados, B bastones de Mando, C juguetes tradicionales, D m\u00e1scaras de carnaval, E instrumentos musicales, F ramas de tlaxistle y G otros dise\u00f1os.&nbsp;<\/p>\n\n\n\n<p>Cada artesano podr\u00e1 inscribir una pieza \u00fanica y para completar su registro deber\u00e1 presentar dos copias a color de su identificaci\u00f3n oficial (INE) y CURP en una sola hoja.&nbsp;<\/p>\n\n\n\n<p>Los ganadores recibir\u00e1n reconocimientos y est\u00edmulos econ\u00f3micos por categor\u00eda, adem\u00e1s de dos galardones especiales a las mejores piezas del certamen.<\/p>\n\n\n\n<p>Con la edici\u00f3n n\u00famero 31 del concurso, el Gobierno del Estado reafirma su compromiso con la preservaci\u00f3n de las tradiciones artesanales y el impulso al sector cultural, promoviendo espacios que valoran la identidad de Tlaxcala y visibilizan el trabajo de sus artesanos.<\/p>\n","protected":false},"excerpt":{"rendered":"<p>Est\u00e1 dirigido a art\u00edfices que elaboran piezas con materiales, dise\u00f1os y t\u00e9cnicas tradicionales, as\u00ed como a quienes presentan propuestas contempor\u00e1neas_ La Casa de las Artesan\u00edas de Tlaxcala (CAT) emiti\u00f3 la convocatoria para participar en el XXXI Concurso Estatal de Madera Tallada 2025, certamen que busca reconocer el talento de los artesanos tlaxcaltecas, quienes son guardianes [&hellip;]<\/p>\n","protected":false},"author":1,"featured_media":52631,"comment_status":"open","ping_status":"open","sticky":false,"template":"","format":"standard","meta":{"advanced_seo_description":"","jetpack_seo_html_title":"","jetpack_seo_noindex":false,"footnotes":"","jetpack_publicize_message":"","jetpack_is_tweetstorm":false,"jetpack_publicize_feature_enabled":true,"jetpack_social_post_already_shared":true,"jetpack_social_options":{"image_generator_settings":{"template":"highway","enabled":false}}},"categories":[5,3],"tags":[],"class_list":["post-52630","post","type-post","status-publish","format-standard","has-post-thumbnail","hentry","category-carrucel","category-gobierno"],"jetpack_publicize_connections":[],"jetpack_featured_media_url":"https:\/\/elcensornoticias.com\/wp-content\/uploads\/2025\/07\/IMG-20250706-WA0009.jpg","jetpack_likes_enabled":true,"jetpack_sharing_enabled":true,"jetpack_shortlink":"https:\/\/wp.me\/p6xy50-dGS","_links":{"self":[{"href":"https:\/\/elcensornoticias.com\/index.php?rest_route=\/wp\/v2\/posts\/52630","targetHints":{"allow":["GET"]}}],"collection":[{"href":"https:\/\/elcensornoticias.com\/index.php?rest_route=\/wp\/v2\/posts"}],"about":[{"href":"https:\/\/elcensornoticias.com\/index.php?rest_route=\/wp\/v2\/types\/post"}],"author":[{"embeddable":true,"href":"https:\/\/elcensornoticias.com\/index.php?rest_route=\/wp\/v2\/users\/1"}],"replies":[{"embeddable":true,"href":"https:\/\/elcensornoticias.com\/index.php?rest_route=%2Fwp%2Fv2%2Fcomments&post=52630"}],"version-history":[{"count":1,"href":"https:\/\/elcensornoticias.com\/index.php?rest_route=\/wp\/v2\/posts\/52630\/revisions"}],"predecessor-version":[{"id":52632,"href":"https:\/\/elcensornoticias.com\/index.php?rest_route=\/wp\/v2\/posts\/52630\/revisions\/52632"}],"wp:featuredmedia":[{"embeddable":true,"href":"https:\/\/elcensornoticias.com\/index.php?rest_route=\/wp\/v2\/media\/52631"}],"wp:attachment":[{"href":"https:\/\/elcensornoticias.com\/index.php?rest_route=%2Fwp%2Fv2%2Fmedia&parent=52630"}],"wp:term":[{"taxonomy":"category","embeddable":true,"href":"https:\/\/elcensornoticias.com\/index.php?rest_route=%2Fwp%2Fv2%2Fcategories&post=52630"},{"taxonomy":"post_tag","embeddable":true,"href":"https:\/\/elcensornoticias.com\/index.php?rest_route=%2Fwp%2Fv2%2Ftags&post=52630"}],"curies":[{"name":"wp","href":"https:\/\/api.w.org\/{rel}","templated":true}]}}