{"id":52243,"date":"2025-06-24T23:11:12","date_gmt":"2025-06-24T23:11:12","guid":{"rendered":"http:\/\/elcensornoticias.com\/?p=52243"},"modified":"2025-06-24T23:11:14","modified_gmt":"2025-06-24T23:11:14","slug":"artesano-contlense-representara-a-mexico-en-la-feria-de-arte-textil-mas-importante-del-mundo","status":"publish","type":"post","link":"https:\/\/elcensornoticias.com\/?p=52243","title":{"rendered":"ARTESANO\u00a0CONTLENSE\u00a0REPRESENTAR\u00c1 A M\u00c9XICO EN LA FERIA DE ARTE TEXTIL M\u00c1S IMPORTANTE DEL MUNDO"},"content":{"rendered":"\n<p>Ignacio Netzahualcoyotl Nava participar\u00e1 en la Feria Internacional de Arte Popular en Nuevo M\u00e9xico, Estados Unidos<\/p>\n\n\n\n<p>El maestro artesano Ignacio Netzahualcoyotl Nava, originario de Contla, ha sido seleccionado por segundo a\u00f1o consecutivo para representar a M\u00e9xico en la Feria Internacional de Arte Popular (IFAM, por sus siglas en ingl\u00e9s), que se llevar\u00e1 a cabo del 10 al 13 de julio de 2025 en Santa Fe, Nuevo M\u00e9xico.<\/p>\n\n\n\n<p>La IFAM re\u00fane cada a\u00f1o a m\u00e1s de 150 artesanos de todo el mundo, elegidos por su maestr\u00eda, compromiso con las t\u00e9cnicas tradicionales y su impacto cultural y social. En esta ocasi\u00f3n, Ignacio Netzahualcoyotl &nbsp;presentar\u00e1 una nueva colecci\u00f3n de piezas elaboradas en telar de pedales, te\u00f1idas con tintes naturales y profundamente inspiradas en el legado textil que las comunidades tlaxcaltecas dejaron en el norte del continente tras la colonizaci\u00f3n de esa regi\u00f3n en 1591.<\/p>\n\n\n\n<p>\u201cA partir del viaje del a\u00f1o pasado, comenc\u00e9 a trabajar dise\u00f1os que reconoc\u00ed en colecciones privadas y muy antiguas, textiles que mostraban c\u00f3mo las ra\u00edces tlaxcaltecas permanecen vivas en el tejido cultural del suroeste de Estados Unidos. Esto reafirm\u00f3 mi estudio sobre los textiles antiguos de mi familia y de la zona de Contla\u201d, asegura Ignacio Netzahualcoyotl Nava.<\/p>\n\n\n\n<p>Durante su participaci\u00f3n en la IFAM 2025, Ignacio presentar\u00e1 por primera vez esta colecci\u00f3n \u00fanica de inspiraci\u00f3n hist\u00f3rica, adem\u00e1s de nuevas piezas de su reconocida serie \u201cDegrad\u00e9\u201d, que fue un \u00e9xito rotundo en la edici\u00f3n anterior.<\/p>\n\n\n\n<p>Adem\u00e1s de su participaci\u00f3n en la expo venta, el artesano tlaxcalteca ofrecer\u00e1 talleres de te\u00f1ido y tejido con t\u00e9cnicas originarias, y espera compartir nuevamente en un conversatorio su experiencia con el Taller Netzahualcoyotl, un proyecto dedicado a la formaci\u00f3n de j\u00f3venes en el arte textil, con el objetivo de preservar saberes tradicionales y reducir la deserci\u00f3n entre nuevas generaciones de artesanos.<\/p>\n\n\n\n<p>HACIA UNA PROFESIONALIZACI\u00d3N DEL ARTE TEXTIL MEXICANO<\/p>\n\n\n\n<p>Como parte de su compromiso con la preservaci\u00f3n y evoluci\u00f3n del arte textil, Ignacio Netzahualcoyotl y su hermano Pedro Netzahualcoyotl -quien ha destacado por la confecci\u00f3n del vestuario de la reciente producci\u00f3n de Netflix, \u201cPedro P\u00e1ramo\u201d- se encuentran en proceso de lanzar una Licenciatura en Arte Textil enfocada en saberes tradicionales y profesionalizaci\u00f3n de artesanos. Este proyecto educativo buscar\u00e1 brindar herramientas acad\u00e9micas, te\u00f3ricas y pr\u00e1cticas a j\u00f3venes interesados en las artes textiles, generando nuevas oportunidades para que el conocimiento ancestral de comunidades como Contla tenga un futuro s\u00f3lido y sostenible.<\/p>\n\n\n\n<p>La obra de Netzahualcoyotl destaca por su dedicaci\u00f3n al rescate y reinterpretaci\u00f3n del textil tradicional tlaxcalteca, en especial el sarape tejido en telar de pedales con hilos te\u00f1idos con tintes naturales, inspirado en dise\u00f1os de los siglos XVIII al XX. Su participaci\u00f3n en esta feria responde no solo a su calidad t\u00e9cnica y est\u00e9tica, sino tambi\u00e9n a su labor cultural y educativa en torno al patrimonio textil de su comunidad.<\/p>\n","protected":false},"excerpt":{"rendered":"<p>Ignacio Netzahualcoyotl Nava participar\u00e1 en la Feria Internacional de Arte Popular en Nuevo M\u00e9xico, Estados Unidos El maestro artesano Ignacio Netzahualcoyotl Nava, originario de Contla, ha sido seleccionado por segundo a\u00f1o consecutivo para representar a M\u00e9xico en la Feria Internacional de Arte Popular (IFAM, por sus siglas en ingl\u00e9s), que se llevar\u00e1 a cabo del [&hellip;]<\/p>\n","protected":false},"author":1,"featured_media":52244,"comment_status":"open","ping_status":"open","sticky":false,"template":"","format":"standard","meta":{"advanced_seo_description":"","jetpack_seo_html_title":"","jetpack_seo_noindex":false,"footnotes":"","jetpack_publicize_message":"","jetpack_is_tweetstorm":false,"jetpack_publicize_feature_enabled":true,"jetpack_social_post_already_shared":true,"jetpack_social_options":{"image_generator_settings":{"template":"highway","enabled":false}}},"categories":[5,10],"tags":[],"class_list":["post-52243","post","type-post","status-publish","format-standard","has-post-thumbnail","hentry","category-carrucel","category-municipios"],"jetpack_publicize_connections":[],"jetpack_featured_media_url":"https:\/\/elcensornoticias.com\/wp-content\/uploads\/2025\/06\/IFAM-Netzahualcoyotl-2.jpeg","jetpack_likes_enabled":true,"jetpack_sharing_enabled":true,"jetpack_shortlink":"https:\/\/wp.me\/p6xy50-dAD","_links":{"self":[{"href":"https:\/\/elcensornoticias.com\/index.php?rest_route=\/wp\/v2\/posts\/52243","targetHints":{"allow":["GET"]}}],"collection":[{"href":"https:\/\/elcensornoticias.com\/index.php?rest_route=\/wp\/v2\/posts"}],"about":[{"href":"https:\/\/elcensornoticias.com\/index.php?rest_route=\/wp\/v2\/types\/post"}],"author":[{"embeddable":true,"href":"https:\/\/elcensornoticias.com\/index.php?rest_route=\/wp\/v2\/users\/1"}],"replies":[{"embeddable":true,"href":"https:\/\/elcensornoticias.com\/index.php?rest_route=%2Fwp%2Fv2%2Fcomments&post=52243"}],"version-history":[{"count":1,"href":"https:\/\/elcensornoticias.com\/index.php?rest_route=\/wp\/v2\/posts\/52243\/revisions"}],"predecessor-version":[{"id":52245,"href":"https:\/\/elcensornoticias.com\/index.php?rest_route=\/wp\/v2\/posts\/52243\/revisions\/52245"}],"wp:featuredmedia":[{"embeddable":true,"href":"https:\/\/elcensornoticias.com\/index.php?rest_route=\/wp\/v2\/media\/52244"}],"wp:attachment":[{"href":"https:\/\/elcensornoticias.com\/index.php?rest_route=%2Fwp%2Fv2%2Fmedia&parent=52243"}],"wp:term":[{"taxonomy":"category","embeddable":true,"href":"https:\/\/elcensornoticias.com\/index.php?rest_route=%2Fwp%2Fv2%2Fcategories&post=52243"},{"taxonomy":"post_tag","embeddable":true,"href":"https:\/\/elcensornoticias.com\/index.php?rest_route=%2Fwp%2Fv2%2Ftags&post=52243"}],"curies":[{"name":"wp","href":"https:\/\/api.w.org\/{rel}","templated":true}]}}