{"id":52214,"date":"2025-06-21T02:35:24","date_gmt":"2025-06-21T02:35:24","guid":{"rendered":"http:\/\/elcensornoticias.com\/?p=52214"},"modified":"2025-06-21T02:35:26","modified_gmt":"2025-06-21T02:35:26","slug":"banderazo-a-temporada-de-luciernagas-2025","status":"publish","type":"post","link":"https:\/\/elcensornoticias.com\/?p=52214","title":{"rendered":"BANDERAZO A TEMPORADA DE LUCI\u00c9RNAGAS 2025"},"content":{"rendered":"\n<p>MOTOR PARA EL TURISMO COMUNITARIO Y SOSTENIBLE: LORENA CU\u00c9LLAR<\/p>\n\n\n\n<p>La mandataria estatal encabez\u00f3 el banderazo inicial de la temporada de este espect\u00e1culo natural; se espera la llegada de unos 110 mil turistas nacionales y extranjeros.<\/p>\n\n\n\n<p>La gobernadora Lorena Cu\u00e9llar Cisneros encabez\u00f3 el banderazo de inicio de la Temporada de Avistamiento de Luci\u00e9rnagas 2025; fen\u00f3meno natural que este a\u00f1o, se estima, sea visitado por 110 mil turistas nacionales y extranjeros, en los bosques de los municipios de Nanacamilpa y Calpulalpan.<\/p>\n\n\n\n<p>\u201cNanacamilpa y Calpulalpan no solo custodian este milagro nocturno, lo cuidan, lo abrazan y lo comparten con el mundo\u201d, afirm\u00f3.<\/p>\n\n\n\n<p>Desde el centro de Avistamiento \u201cLaguna Azul\u201d, en la comunidad de San Felipe Hidalgo, de Nanacamilpa, Cu\u00e9llar Cisneros destac\u00f3 que esta temporada no solo representa un espect\u00e1culo natural, sino un verdadero motor para el turismo comunitario y sostenible, gracias al esfuerzo conjunto entre los tres niveles de gobierno y las propias comunidades anfitrionas.&nbsp;<\/p>\n\n\n\n<p>En su mensaje, la gobernadora Lorena Cu\u00e9llar destac\u00f3 el modelo de turismo que se impulsa en Tlaxcala, el cual refleja un compromiso real con la protecci\u00f3n del patrimonio natural del estado; y establece para esta temporada recorridos guiados por habitantes certificados, productos tur\u00edsticos basados en la identidad biocultural y normas claras para un turismo respetuoso del entorno.<\/p>\n\n\n\n<p>\u201cEstar aqu\u00ed, en medio del bosque, entre \u00e1rboles que han sido testigos de tantas generaciones, es un recordatorio profundo de lo que realmente importa: la vida en todas sus formas y la fuerza de la comunidad\u201d, expres\u00f3.<\/p>\n\n\n\n<p>Asimismo, inform\u00f3 que Tlaxcala ha sido sede de nueve eventos de alcance mundial, lo cual ha generado una derrama econ\u00f3mica hist\u00f3rica superior a los tres mil millones de pesos, fortaleciendo la econom\u00eda local y el posicionamiento del estado como destino tur\u00edstico.<\/p>\n\n\n\n<p>En su intervenci\u00f3n, el secretario de Turismo, Fabricio Mena Rodr\u00edguez, reconoci\u00f3 el papel esencial de las comunidades anfitrionas, gu\u00edas tur\u00edsticos certificados, ejidatarios y familias que han hecho del avistamiento de luci\u00e9rnagas una forma de vida sustentable.&nbsp;<\/p>\n\n\n\n<p>\u201cPreservar este fen\u00f3meno natural significa preservar nuestra identidad, nuestras ra\u00edces y nuestro futuro. Las siguientes generaciones no deben perderse este milagro nocturno\u201d, dijo.<\/p>\n\n\n\n<p>Mena Rodr\u00edguez llam\u00f3 a los visitantes a practicar un turismo consciente, valorando lo fr\u00e1gil y sagrado de este ecosistema, al tiempo que destac\u00f3 que la derrama econ\u00f3mica generada por este fen\u00f3meno alcanza a m\u00faltiples sectores del estado, desde hospedaje hasta gastronom\u00eda.&nbsp;<\/p>\n\n\n\n<p>\u201cLa temporada de luci\u00e9rnagas es motivo de celebraci\u00f3n en Nanacamilpa y Calpulalpan, pero tambi\u00e9n en todo Tlaxcala. Vivamos esta experiencia como una fiesta de luz, sostenibilidad y compromiso con nuestra tierra m\u00e1gica\u201d, concluy\u00f3.<\/p>\n\n\n\n<p>En su intervenci\u00f3n, el presidente municipal de Nanacamilpa, Ar\u00f3n Vargas \u00c1ngel, se\u00f1al\u00f3 que, gracias al compromiso del Gobierno del Estado, prestadores de servicios tur\u00edsticos, autoridades municipales y ciudadan\u00eda en general, hoy el municipio se proyecta como un destino tur\u00edstico de excelencia, reconocido tanto a nivel nacional como a nivel internacional.<\/p>\n\n\n\n<p>El alcalde de Calpulalpan, Jos\u00e9 Manuel Jim\u00e9nez del Razo, reconoci\u00f3 la sinergia que ha logrado la gobernadora Lorena Cu\u00e9llar con la presidenta Claudia Sheinbaum para lograr la gesti\u00f3n de obras y que Tlaxcala se convierta en referencia nacional.<\/p>\n\n\n\n<p>Al inicio de la temporada de luci\u00e9rnagas 2025 asistieron la diputada local, Soraya Noem\u00ed Bocardo Phillips, presidenta de la Comisi\u00f3n de Turismo del Congreso del Estado; el General de Brigada de Estado Mayor, Mart\u00edn Jaramillo Arios, comandante de la XXIII Zona Militar; el coronel de Infanter\u00eda Miguel Garc\u00eda Morales,&nbsp; representante de la Guardia Nacional; el presidente de comunidad de San Felipe Hidalgo, N\u00e9stor P\u00e9rez Olivares; as\u00ed como funcionarios federales, estatales y municipales, representantes de los centros de avistamiento, de asociaciones de turismo, embajadores tur\u00edsticos de las diferentes universidades, as\u00ed como vecinos de Nanacamilpa y Calpulalpan.<\/p>\n","protected":false},"excerpt":{"rendered":"<p>MOTOR PARA EL TURISMO COMUNITARIO Y SOSTENIBLE: LORENA CU\u00c9LLAR La mandataria estatal encabez\u00f3 el banderazo inicial de la temporada de este espect\u00e1culo natural; se espera la llegada de unos 110 mil turistas nacionales y extranjeros. La gobernadora Lorena Cu\u00e9llar Cisneros encabez\u00f3 el banderazo de inicio de la Temporada de Avistamiento de Luci\u00e9rnagas 2025; fen\u00f3meno natural [&hellip;]<\/p>\n","protected":false},"author":1,"featured_media":52215,"comment_status":"open","ping_status":"open","sticky":false,"template":"","format":"standard","meta":{"advanced_seo_description":"","jetpack_seo_html_title":"","jetpack_seo_noindex":false,"footnotes":"","jetpack_publicize_message":"","jetpack_is_tweetstorm":false,"jetpack_publicize_feature_enabled":true,"jetpack_social_post_already_shared":true,"jetpack_social_options":{"image_generator_settings":{"template":"highway","enabled":false}}},"categories":[5,3],"tags":[],"class_list":["post-52214","post","type-post","status-publish","format-standard","has-post-thumbnail","hentry","category-carrucel","category-gobierno"],"jetpack_publicize_connections":[],"jetpack_featured_media_url":"https:\/\/elcensornoticias.com\/wp-content\/uploads\/2025\/06\/IMG-20250620-WA0059.jpg","jetpack_likes_enabled":true,"jetpack_sharing_enabled":true,"jetpack_shortlink":"https:\/\/wp.me\/p6xy50-dAa","_links":{"self":[{"href":"https:\/\/elcensornoticias.com\/index.php?rest_route=\/wp\/v2\/posts\/52214","targetHints":{"allow":["GET"]}}],"collection":[{"href":"https:\/\/elcensornoticias.com\/index.php?rest_route=\/wp\/v2\/posts"}],"about":[{"href":"https:\/\/elcensornoticias.com\/index.php?rest_route=\/wp\/v2\/types\/post"}],"author":[{"embeddable":true,"href":"https:\/\/elcensornoticias.com\/index.php?rest_route=\/wp\/v2\/users\/1"}],"replies":[{"embeddable":true,"href":"https:\/\/elcensornoticias.com\/index.php?rest_route=%2Fwp%2Fv2%2Fcomments&post=52214"}],"version-history":[{"count":1,"href":"https:\/\/elcensornoticias.com\/index.php?rest_route=\/wp\/v2\/posts\/52214\/revisions"}],"predecessor-version":[{"id":52216,"href":"https:\/\/elcensornoticias.com\/index.php?rest_route=\/wp\/v2\/posts\/52214\/revisions\/52216"}],"wp:featuredmedia":[{"embeddable":true,"href":"https:\/\/elcensornoticias.com\/index.php?rest_route=\/wp\/v2\/media\/52215"}],"wp:attachment":[{"href":"https:\/\/elcensornoticias.com\/index.php?rest_route=%2Fwp%2Fv2%2Fmedia&parent=52214"}],"wp:term":[{"taxonomy":"category","embeddable":true,"href":"https:\/\/elcensornoticias.com\/index.php?rest_route=%2Fwp%2Fv2%2Fcategories&post=52214"},{"taxonomy":"post_tag","embeddable":true,"href":"https:\/\/elcensornoticias.com\/index.php?rest_route=%2Fwp%2Fv2%2Ftags&post=52214"}],"curies":[{"name":"wp","href":"https:\/\/api.w.org\/{rel}","templated":true}]}}