{"id":52211,"date":"2025-06-21T02:32:50","date_gmt":"2025-06-21T02:32:50","guid":{"rendered":"http:\/\/elcensornoticias.com\/?p=52211"},"modified":"2025-06-21T02:32:52","modified_gmt":"2025-06-21T02:32:52","slug":"compromiso-con-la-capacitacion-para-el-trabajo-con-resultados-historicos","status":"publish","type":"post","link":"https:\/\/elcensornoticias.com\/?p=52211","title":{"rendered":"COMPROMISO CON LA CAPACITACI\u00d3N PARA EL TRABAJO CON RESULTADOS HIST\u00d3RICOS"},"content":{"rendered":"\n<p>Durante la inauguraci\u00f3n de la sala de usos m\u00faltiples y entrega de parque vehicular al Instituto de Capacitaci\u00f3n para el Trabajo del Estado de Tlaxcala.<\/p>\n\n\n\n<p>Con una inversi\u00f3n de 3 millones 342 mil pesos, la gobernadora Lorena Cu\u00e9llar Cisneros entreg\u00f3 10 unidades vehiculares al Instituto de Capacitaci\u00f3n para el Trabajo del Estado de Tlaxcala (Icatlax), con lo que reafirm\u00f3 su compromiso con la mejora continua de los espacios formativos y el impulso al desarrollo profesional. Tambi\u00e9n inaugur\u00f3 la nueva sala de usos m\u00faltiples, en donde reconoci\u00f3 la labor de los trabajadores de esta dependencia por lograr el 100 por ciento en transparencia.<\/p>\n\n\n\n<p>\u201cMe da mucho gusto ver c\u00f3mo esta instituci\u00f3n ha evolucionado. Hoy se nota una nueva actitud y una transformaci\u00f3n visible en sus instalaciones y en su gente\u201d.<\/p>\n\n\n\n<p>Cu\u00e9llar Cisneros reiter\u00f3 su respaldo a los proyectos educativos y de desarrollo laboral y enfatiz\u00f3 que las mejoras en la infraestructura y operatividad del Icatlax reflejan una administraci\u00f3n que busca dar resultados tangibles, pues hoy Tlaxcala vive un auge econ\u00f3mico, con nuevos polos de desarrollo como el de Huamantla.<\/p>\n\n\n\n<p>\u201cEntregamos estos veh\u00edculos y esta sala porque creemos en la capacitaci\u00f3n como motor del desarrollo, vamos con todo. Queremos que Tlaxcala este de moda y no vamos a detenernos, queremos que Tlaxcala se escuche en todo el mundo, que no seamos del mont\u00f3n, sino los mejores\u201d, afirm\u00f3 en el jard\u00edn bot\u00e1nico.&nbsp;<\/p>\n\n\n\n<p>En su intervenci\u00f3n, el director general del Icatlax, Juan Javier Potrero Tizamitl, precis\u00f3 que la inversi\u00f3n para la nueva sala de usos m\u00faltiples fue de un mill\u00f3n 684 mil pesos y agradeci\u00f3 a la mandataria estatal por este apoyo y por respaldar cada uno de los proyectos del instituto.<\/p>\n\n\n\n<p>\u201cEstas acciones permitir\u00e1n ampliar nuestra cobertura en el estado, mejorar la atenci\u00f3n y fortalecer la formaci\u00f3n para el empleo, pues hoy inauguramos con orgullo esta sala de usos m\u00faltiples, un espacio dise\u00f1ado para albergar actividades acad\u00e9micas, institucionales y de vinculaci\u00f3n\u201d, acot\u00f3.<\/p>\n\n\n\n<p>Potrero Tizamitl destac\u00f3 que por primera vez se cuenta con un convenio de comodato con San Pablo del Monte, donde ahora opera una unidad de capacitaci\u00f3n en un inmueble donado por el municipio, la adquisici\u00f3n de terrenos en Tlaxco, el incremento salarial al personal operativo y la gesti\u00f3n de espacios.<\/p>\n\n\n\n<p>En el acto tambi\u00e9n estuvieron los secretarios de Desarrollo Econ\u00f3mico (Sedeco), Javier Marroqu\u00edn Calder\u00f3n; del Trabajo y Competitividad (STyC), Jos\u00e9 No\u00e9 Altamirano Islas, y Raciel S\u00e1nchez Rinc\u00f3n, en representaci\u00f3n del secretario de Educaci\u00f3n, Homero Meneses Hern\u00e1ndez, as\u00ed como autoridades e invitados especiales.<\/p>\n","protected":false},"excerpt":{"rendered":"<p>Durante la inauguraci\u00f3n de la sala de usos m\u00faltiples y entrega de parque vehicular al Instituto de Capacitaci\u00f3n para el Trabajo del Estado de Tlaxcala. Con una inversi\u00f3n de 3 millones 342 mil pesos, la gobernadora Lorena Cu\u00e9llar Cisneros entreg\u00f3 10 unidades vehiculares al Instituto de Capacitaci\u00f3n para el Trabajo del Estado de Tlaxcala (Icatlax), [&hellip;]<\/p>\n","protected":false},"author":1,"featured_media":52212,"comment_status":"open","ping_status":"open","sticky":false,"template":"","format":"standard","meta":{"advanced_seo_description":"","jetpack_seo_html_title":"","jetpack_seo_noindex":false,"footnotes":"","jetpack_publicize_message":"","jetpack_is_tweetstorm":false,"jetpack_publicize_feature_enabled":true,"jetpack_social_post_already_shared":true,"jetpack_social_options":{"image_generator_settings":{"template":"highway","enabled":false}}},"categories":[5,3],"tags":[],"class_list":["post-52211","post","type-post","status-publish","format-standard","has-post-thumbnail","hentry","category-carrucel","category-gobierno"],"jetpack_publicize_connections":[],"jetpack_featured_media_url":"https:\/\/elcensornoticias.com\/wp-content\/uploads\/2025\/06\/IMG-20250620-WA0044.jpg","jetpack_likes_enabled":true,"jetpack_sharing_enabled":true,"jetpack_shortlink":"https:\/\/wp.me\/p6xy50-dA7","_links":{"self":[{"href":"https:\/\/elcensornoticias.com\/index.php?rest_route=\/wp\/v2\/posts\/52211","targetHints":{"allow":["GET"]}}],"collection":[{"href":"https:\/\/elcensornoticias.com\/index.php?rest_route=\/wp\/v2\/posts"}],"about":[{"href":"https:\/\/elcensornoticias.com\/index.php?rest_route=\/wp\/v2\/types\/post"}],"author":[{"embeddable":true,"href":"https:\/\/elcensornoticias.com\/index.php?rest_route=\/wp\/v2\/users\/1"}],"replies":[{"embeddable":true,"href":"https:\/\/elcensornoticias.com\/index.php?rest_route=%2Fwp%2Fv2%2Fcomments&post=52211"}],"version-history":[{"count":1,"href":"https:\/\/elcensornoticias.com\/index.php?rest_route=\/wp\/v2\/posts\/52211\/revisions"}],"predecessor-version":[{"id":52213,"href":"https:\/\/elcensornoticias.com\/index.php?rest_route=\/wp\/v2\/posts\/52211\/revisions\/52213"}],"wp:featuredmedia":[{"embeddable":true,"href":"https:\/\/elcensornoticias.com\/index.php?rest_route=\/wp\/v2\/media\/52212"}],"wp:attachment":[{"href":"https:\/\/elcensornoticias.com\/index.php?rest_route=%2Fwp%2Fv2%2Fmedia&parent=52211"}],"wp:term":[{"taxonomy":"category","embeddable":true,"href":"https:\/\/elcensornoticias.com\/index.php?rest_route=%2Fwp%2Fv2%2Fcategories&post=52211"},{"taxonomy":"post_tag","embeddable":true,"href":"https:\/\/elcensornoticias.com\/index.php?rest_route=%2Fwp%2Fv2%2Ftags&post=52211"}],"curies":[{"name":"wp","href":"https:\/\/api.w.org\/{rel}","templated":true}]}}