{"id":52205,"date":"2025-06-21T02:28:51","date_gmt":"2025-06-21T02:28:51","guid":{"rendered":"http:\/\/elcensornoticias.com\/?p=52205"},"modified":"2025-06-21T02:28:54","modified_gmt":"2025-06-21T02:28:54","slug":"en-chiautempan-jornada-para-la-prevencion-del-embarazo-en-adolescentes","status":"publish","type":"post","link":"https:\/\/elcensornoticias.com\/?p=52205","title":{"rendered":"En Chiautempan, jornada para la Prevenci\u00f3n del Embarazo en Adolescentes"},"content":{"rendered":"\n<p>El Gobierno Municipal de Chiautempan, encabezado por la alcaldesa Blanca Angulo Meneses, a trav\u00e9s del Grupo Municipal para la Prevenci\u00f3n del Embarazo en Adolescentes, llev\u00f3 a cabo una jornada educativa con estudiantes de la Secundaria General \u201cValent\u00edn G\u00f3mez Far\u00edas\u201d.<\/p>\n\n\n\n<p>Las actividades se enfocaron en promover el autocuidado, la prevenci\u00f3n y la toma de decisiones responsables entre adolescentes. Esta acci\u00f3n forma parte del trabajo permanente del Grupo Municipal para la Prevenci\u00f3n del Embarazo en Adolescentes.<\/p>\n\n\n\n<p>Durante la jornada, la Unidad M\u00f3vil Edusex del Consejo Estatal de Poblaci\u00f3n (COESPO) brind\u00f3 orientaci\u00f3n directa y materiales educativos. En su participaci\u00f3n, Belen Vega Ahuatzin, titular de COESPO, hizo un llamado a las y los j\u00f3venes a acercarse, informarse y ejercer sus derechos con responsabilidad.<\/p>\n\n\n\n<p>La jornada incluy\u00f3 m\u00faltiples actividades informativas y participativas orientadas a fortalecer la educaci\u00f3n sexual, la protecci\u00f3n de derechos y la prevenci\u00f3n del embarazo adolescente.<\/p>\n\n\n\n<p>Para el gobierno municipal, es fundamental seguir impulsando acciones que fortalezcan la educaci\u00f3n, la prevenci\u00f3n y el desarrollo integral de las juventudes. Por ello, estas jornadas continuar\u00e1n realiz\u00e1ndose en diferentes instituciones del municipio.<\/p>\n","protected":false},"excerpt":{"rendered":"<p>El Gobierno Municipal de Chiautempan, encabezado por la alcaldesa Blanca Angulo Meneses, a trav\u00e9s del Grupo Municipal para la Prevenci\u00f3n del Embarazo en Adolescentes, llev\u00f3 a cabo una jornada educativa con estudiantes de la Secundaria General \u201cValent\u00edn G\u00f3mez Far\u00edas\u201d. Las actividades se enfocaron en promover el autocuidado, la prevenci\u00f3n y la toma de decisiones responsables [&hellip;]<\/p>\n","protected":false},"author":1,"featured_media":52206,"comment_status":"open","ping_status":"open","sticky":false,"template":"","format":"standard","meta":{"advanced_seo_description":"","jetpack_seo_html_title":"","jetpack_seo_noindex":false,"footnotes":"","jetpack_publicize_message":"","jetpack_is_tweetstorm":false,"jetpack_publicize_feature_enabled":true,"jetpack_social_post_already_shared":true,"jetpack_social_options":{"image_generator_settings":{"template":"highway","enabled":false}}},"categories":[2,10],"tags":[],"class_list":["post-52205","post","type-post","status-publish","format-standard","has-post-thumbnail","hentry","category-destacadas","category-municipios"],"jetpack_publicize_connections":[],"jetpack_featured_media_url":"https:\/\/elcensornoticias.com\/wp-content\/uploads\/2025\/06\/5B98443A-3865-454A-9B8C-9C1D945AFAB3.png","jetpack_likes_enabled":true,"jetpack_sharing_enabled":true,"jetpack_shortlink":"https:\/\/wp.me\/p6xy50-dA1","_links":{"self":[{"href":"https:\/\/elcensornoticias.com\/index.php?rest_route=\/wp\/v2\/posts\/52205","targetHints":{"allow":["GET"]}}],"collection":[{"href":"https:\/\/elcensornoticias.com\/index.php?rest_route=\/wp\/v2\/posts"}],"about":[{"href":"https:\/\/elcensornoticias.com\/index.php?rest_route=\/wp\/v2\/types\/post"}],"author":[{"embeddable":true,"href":"https:\/\/elcensornoticias.com\/index.php?rest_route=\/wp\/v2\/users\/1"}],"replies":[{"embeddable":true,"href":"https:\/\/elcensornoticias.com\/index.php?rest_route=%2Fwp%2Fv2%2Fcomments&post=52205"}],"version-history":[{"count":1,"href":"https:\/\/elcensornoticias.com\/index.php?rest_route=\/wp\/v2\/posts\/52205\/revisions"}],"predecessor-version":[{"id":52207,"href":"https:\/\/elcensornoticias.com\/index.php?rest_route=\/wp\/v2\/posts\/52205\/revisions\/52207"}],"wp:featuredmedia":[{"embeddable":true,"href":"https:\/\/elcensornoticias.com\/index.php?rest_route=\/wp\/v2\/media\/52206"}],"wp:attachment":[{"href":"https:\/\/elcensornoticias.com\/index.php?rest_route=%2Fwp%2Fv2%2Fmedia&parent=52205"}],"wp:term":[{"taxonomy":"category","embeddable":true,"href":"https:\/\/elcensornoticias.com\/index.php?rest_route=%2Fwp%2Fv2%2Fcategories&post=52205"},{"taxonomy":"post_tag","embeddable":true,"href":"https:\/\/elcensornoticias.com\/index.php?rest_route=%2Fwp%2Fv2%2Ftags&post=52205"}],"curies":[{"name":"wp","href":"https:\/\/api.w.org\/{rel}","templated":true}]}}