{"id":52198,"date":"2025-06-21T02:20:44","date_gmt":"2025-06-21T02:20:44","guid":{"rendered":"http:\/\/elcensornoticias.com\/?p=52198"},"modified":"2025-06-21T02:20:52","modified_gmt":"2025-06-21T02:20:52","slug":"styc-y-banco-de-alimentos-fortaleceran-desarrollo-social-con-trabajo-digno","status":"publish","type":"post","link":"https:\/\/elcensornoticias.com\/?p=52198","title":{"rendered":"STyC Y BANCO DE ALIMENTOS FORTALECER\u00c1N DESARROLLO SOCIAL CON TRABAJO DIGNO"},"content":{"rendered":"\n<p>Signaron un convenio de colaboraci\u00f3n para compartir conocimientos, brindar capacitaci\u00f3n laborar e impulsar proyectos productivos comunitarios.<\/p>\n\n\n\n<p>Con el objetivo de fortalecer el desarrollo productivo, la inclusi\u00f3n social y el bienestar comunitario, la Secretar\u00eda de Trabajo y Competitividad (STyC) sign\u00f3 convenio de colaboraci\u00f3n con la fundaci\u00f3n de beneficencia privada Banco de Alimentos Puebla-Tlaxcala (BAMX).<\/p>\n\n\n\n<p>El titular de la STyC, Jos\u00e9 No\u00e9 Altamirano Islas; y el director general de BAMX Puebla-Tlaxcala, Jos\u00e9 Miguel Rojas V\u00e9rtiz Berm\u00fadez, firmaron el documento que permitir\u00e1 coordinar acciones para compartir conocimientos, brindar capacitaci\u00f3n laboral, impulsar iniciativas productivas comunitarias y acompa\u00f1ar proyectos que contribuyan a mejorar las condiciones de vida de las familias tlaxcaltecas.<\/p>\n\n\n\n<p>Altamirano Islas destac\u00f3 que esta alianza responde al compromiso de la gobernadora Lorena Cu\u00e9llar Cisneros de impulsar modelos de desarrollo con impacto social, basados en el trabajo digno, la solidaridad y el fortalecimiento de las capacidades locales.<\/p>\n\n\n\n<p>En su intervenci\u00f3n, Jos\u00e9 Miguel Rojas V\u00e9rtiz enfatiz\u00f3 que dise\u00f1ar pol\u00edticas p\u00fablicas y programas que fortalezcan el mercado laboral local es apostar por un crecimiento con justicia.&nbsp;<\/p>\n\n\n\n<p>Con esta suma de esfuerzos la STyC refrenda el compromiso de establecer alianzas estrat\u00e9gicas con organizaciones de la sociedad civil que comparten el prop\u00f3sito de construir un Tlaxcala m\u00e1s justo, inclusivo y con mayores oportunidades.<\/p>\n","protected":false},"excerpt":{"rendered":"<p>Signaron un convenio de colaboraci\u00f3n para compartir conocimientos, brindar capacitaci\u00f3n laborar e impulsar proyectos productivos comunitarios. Con el objetivo de fortalecer el desarrollo productivo, la inclusi\u00f3n social y el bienestar comunitario, la Secretar\u00eda de Trabajo y Competitividad (STyC) sign\u00f3 convenio de colaboraci\u00f3n con la fundaci\u00f3n de beneficencia privada Banco de Alimentos Puebla-Tlaxcala (BAMX). El titular [&hellip;]<\/p>\n","protected":false},"author":1,"featured_media":52199,"comment_status":"open","ping_status":"open","sticky":false,"template":"","format":"standard","meta":{"advanced_seo_description":"","jetpack_seo_html_title":"","jetpack_seo_noindex":false,"footnotes":"","jetpack_publicize_message":"","jetpack_is_tweetstorm":false,"jetpack_publicize_feature_enabled":true,"jetpack_social_post_already_shared":true,"jetpack_social_options":{"image_generator_settings":{"template":"highway","enabled":false}}},"categories":[2,3],"tags":[],"class_list":["post-52198","post","type-post","status-publish","format-standard","has-post-thumbnail","hentry","category-destacadas","category-gobierno"],"jetpack_publicize_connections":[],"jetpack_featured_media_url":"https:\/\/elcensornoticias.com\/wp-content\/uploads\/2025\/06\/IMG-20250620-WA0030.jpg","jetpack_likes_enabled":true,"jetpack_sharing_enabled":true,"jetpack_shortlink":"https:\/\/wp.me\/p6xy50-dzU","_links":{"self":[{"href":"https:\/\/elcensornoticias.com\/index.php?rest_route=\/wp\/v2\/posts\/52198","targetHints":{"allow":["GET"]}}],"collection":[{"href":"https:\/\/elcensornoticias.com\/index.php?rest_route=\/wp\/v2\/posts"}],"about":[{"href":"https:\/\/elcensornoticias.com\/index.php?rest_route=\/wp\/v2\/types\/post"}],"author":[{"embeddable":true,"href":"https:\/\/elcensornoticias.com\/index.php?rest_route=\/wp\/v2\/users\/1"}],"replies":[{"embeddable":true,"href":"https:\/\/elcensornoticias.com\/index.php?rest_route=%2Fwp%2Fv2%2Fcomments&post=52198"}],"version-history":[{"count":1,"href":"https:\/\/elcensornoticias.com\/index.php?rest_route=\/wp\/v2\/posts\/52198\/revisions"}],"predecessor-version":[{"id":52200,"href":"https:\/\/elcensornoticias.com\/index.php?rest_route=\/wp\/v2\/posts\/52198\/revisions\/52200"}],"wp:featuredmedia":[{"embeddable":true,"href":"https:\/\/elcensornoticias.com\/index.php?rest_route=\/wp\/v2\/media\/52199"}],"wp:attachment":[{"href":"https:\/\/elcensornoticias.com\/index.php?rest_route=%2Fwp%2Fv2%2Fmedia&parent=52198"}],"wp:term":[{"taxonomy":"category","embeddable":true,"href":"https:\/\/elcensornoticias.com\/index.php?rest_route=%2Fwp%2Fv2%2Fcategories&post=52198"},{"taxonomy":"post_tag","embeddable":true,"href":"https:\/\/elcensornoticias.com\/index.php?rest_route=%2Fwp%2Fv2%2Ftags&post=52198"}],"curies":[{"name":"wp","href":"https:\/\/api.w.org\/{rel}","templated":true}]}}