{"id":52188,"date":"2025-06-20T19:59:02","date_gmt":"2025-06-20T19:59:02","guid":{"rendered":"http:\/\/elcensornoticias.com\/?p=52188"},"modified":"2025-06-20T19:59:29","modified_gmt":"2025-06-20T19:59:29","slug":"musica-libre-contra-la-violencia-proyecto-en-zacatecas","status":"publish","type":"post","link":"https:\/\/elcensornoticias.com\/?p=52188","title":{"rendered":"M\u00daSICA LIBRE CONTRA LA VIOLENCIA, PROYECTO EN ZACATECAS"},"content":{"rendered":"\n<ul class=\"wp-block-list\">\n<li><strong>Beneficiado por el PACMyC 2024, se enfoca en juventudes de contextos vulnerables<\/strong><\/li>\n\n\n\n<li><strong>Con presentaciones en vivo, el proyecto reconstruya el tejido social desde el arte y el encuentro comunitario<\/strong><\/li>\n<\/ul>\n\n\n\n<p>Con una guitarra, un micr\u00f3fono y la firme convicci\u00f3n de que el arte transforma vidas, el m\u00fasico y compositor H\u00e9ctor Rojas Soancatl \u2013originario de Valpara\u00edso, Zacatecas\u2013 impulsa \u201cDiversidad, arte y cultura a trav\u00e9s de la m\u00fasica libre\u201d, iniciativa que coloca a las y los j\u00f3venes como protagonistas de su propia narrativa comunitaria.<\/p>\n\n\n\n<p>Seleccionada en el Programa de Apoyo a las Culturas Municipales y Comunitarias (PACMyC) 2024, impulsado por la Secretar\u00eda de Cultura del Gobierno de M\u00e9xico, a trav\u00e9s de la Direcci\u00f3n General de Culturas Populares, Ind\u00edgenas y Urbanas, la propuesta realiza presentaciones musicales en vivo en espacios p\u00fablicos emblem\u00e1ticos del municipio, con el objetivo de prevenir la violencia, fortalecer el tejido social e incentivar en las juventudes el inter\u00e9s por la m\u00fasica como una herramienta de transformaci\u00f3n personal y colectiva.<\/p>\n\n\n\n<p>Uno de los motivos que impuls\u00f3 a Rojas Soancatl a presentar el proyecto al PACMyC fue la urgencia de ofrecer alternativas culturales a las juventudes ante contextos adversos. \u201cQuer\u00edamos abrir otro paisaje posible, crear espacios donde la m\u00fasica no fuera solo entretenimiento, sino tambi\u00e9n refugio y horizonte\u201d, comenta el m\u00fasico, quien en a\u00f1os anteriores hab\u00eda organizado encuentros culturales de forma independiente.<\/p>\n\n\n\n<p>\u201cLos chavos ven a sus propios amigos sobre el escenario y eso cambia la percepci\u00f3n. Se dan cuenta de que tambi\u00e9n ellos tienen algo que contar\u201d, relata H\u00e9ctor. Las presentaciones incluyen desde m\u00fasicos aficionados hasta j\u00f3venes que apenas descubren su voz o su instrumento, en una atm\u00f3sfera de respeto y celebraci\u00f3n.<\/p>\n\n\n\n<p>M\u00e1s all\u00e1 del espect\u00e1culo, la propuesta tiene un enfoque preventivo. \u201cSabemos que muchos chicos viven situaciones dif\u00edciles. Queremos ofrecerles otra ruta, otro paisaje posible. A veces basta con una canci\u00f3n para abrir una puerta distinta\u201d, afirma H\u00e9ctor, quien tambi\u00e9n ha trabajado en otros proyectos culturales relacionados con las artes visuales y la escritura.<\/p>\n\n\n\n<p>La respuesta de la comunidad ha sido entusiasta. \u201cNos dec\u00edan que estos espacios a veces est\u00e1n, pero no se usan, o no se usan para esto\u201d, comparte. Familias enteras se han acercado a escuchar y reconocer que entre sus vecinos tambi\u00e9n hay arte, sensibilidad y esperanza.<\/p>\n\n\n\n<p>A largo plazo, Rojas Soancatl espera que la iniciativa deje una semilla f\u00e9rtil en las y los participantes. \u201cMe gustar\u00eda que alg\u00fan d\u00eda, uno de estos chicos forme su grupo, cree su propia m\u00fasica, o simplemente siga cultivando el arte en su vida. Que recuerde este proyecto como el momento en que descubri\u00f3 algo que llevaba dentro\u201d.<\/p>\n\n\n\n<p>Las pr\u00f3ximas funciones est\u00e1n planeadas: la explanada del Monumento a la Bandera ser\u00e1 la segunda sede, con presentaciones a mediados de junio; la tercera y \u00faltima se llevar\u00e1 a cabo hacia finales de julio en el Jard\u00edn Municipal de Valpara\u00edso. Las fechas exactas se confirmar\u00e1n a trav\u00e9s de redes sociales y medios locales.<\/p>\n\n\n\n<p>Para conocer m\u00e1s sobre el proceso creativo de H\u00e9ctor Rojas Soancatl puede consultar sus redes sociales en Facebook (<a rel=\"noreferrer noopener\" target=\"_blank\" href=\"https:\/\/www.facebook.com\/hector.soancatl.2025\">facebook.com\/hector.soancatl.2025<\/a>&nbsp;) y Youtube (<a rel=\"noreferrer noopener\" target=\"_blank\" href=\"https:\/\/www.youtube.com\/channel\/UCRXiW8p1atWAURMXHIU0Svg\">youtube.com\/channel\/UCRXiW8p1atWAURMXHIU0Svg<\/a>&nbsp;)<\/p>\n","protected":false},"excerpt":{"rendered":"<p>Con una guitarra, un micr\u00f3fono y la firme convicci\u00f3n de que el arte transforma vidas, el m\u00fasico y compositor H\u00e9ctor Rojas Soancatl \u2013originario de Valpara\u00edso, Zacatecas\u2013 impulsa \u201cDiversidad, arte y cultura a trav\u00e9s de la m\u00fasica libre\u201d, iniciativa que coloca a las y los j\u00f3venes como protagonistas de su propia narrativa comunitaria. Seleccionada en el [&hellip;]<\/p>\n","protected":false},"author":1,"featured_media":52189,"comment_status":"open","ping_status":"open","sticky":false,"template":"","format":"standard","meta":{"advanced_seo_description":"","jetpack_seo_html_title":"","jetpack_seo_noindex":false,"footnotes":"","jetpack_publicize_message":"","jetpack_is_tweetstorm":false,"jetpack_publicize_feature_enabled":true,"jetpack_social_post_already_shared":true,"jetpack_social_options":{"image_generator_settings":{"template":"highway","enabled":false}}},"categories":[26],"tags":[],"class_list":["post-52188","post","type-post","status-publish","format-standard","has-post-thumbnail","hentry","category-cultura"],"jetpack_publicize_connections":[],"jetpack_featured_media_url":"https:\/\/elcensornoticias.com\/wp-content\/uploads\/2025\/06\/HECTOR-ROJAS-SOANCATL-6.jpeg","jetpack_likes_enabled":true,"jetpack_sharing_enabled":true,"jetpack_shortlink":"https:\/\/wp.me\/p6xy50-dzK","_links":{"self":[{"href":"https:\/\/elcensornoticias.com\/index.php?rest_route=\/wp\/v2\/posts\/52188","targetHints":{"allow":["GET"]}}],"collection":[{"href":"https:\/\/elcensornoticias.com\/index.php?rest_route=\/wp\/v2\/posts"}],"about":[{"href":"https:\/\/elcensornoticias.com\/index.php?rest_route=\/wp\/v2\/types\/post"}],"author":[{"embeddable":true,"href":"https:\/\/elcensornoticias.com\/index.php?rest_route=\/wp\/v2\/users\/1"}],"replies":[{"embeddable":true,"href":"https:\/\/elcensornoticias.com\/index.php?rest_route=%2Fwp%2Fv2%2Fcomments&post=52188"}],"version-history":[{"count":1,"href":"https:\/\/elcensornoticias.com\/index.php?rest_route=\/wp\/v2\/posts\/52188\/revisions"}],"predecessor-version":[{"id":52190,"href":"https:\/\/elcensornoticias.com\/index.php?rest_route=\/wp\/v2\/posts\/52188\/revisions\/52190"}],"wp:featuredmedia":[{"embeddable":true,"href":"https:\/\/elcensornoticias.com\/index.php?rest_route=\/wp\/v2\/media\/52189"}],"wp:attachment":[{"href":"https:\/\/elcensornoticias.com\/index.php?rest_route=%2Fwp%2Fv2%2Fmedia&parent=52188"}],"wp:term":[{"taxonomy":"category","embeddable":true,"href":"https:\/\/elcensornoticias.com\/index.php?rest_route=%2Fwp%2Fv2%2Fcategories&post=52188"},{"taxonomy":"post_tag","embeddable":true,"href":"https:\/\/elcensornoticias.com\/index.php?rest_route=%2Fwp%2Fv2%2Ftags&post=52188"}],"curies":[{"name":"wp","href":"https:\/\/api.w.org\/{rel}","templated":true}]}}