{"id":52179,"date":"2025-06-20T19:49:56","date_gmt":"2025-06-20T19:49:56","guid":{"rendered":"http:\/\/elcensornoticias.com\/?p=52179"},"modified":"2025-06-20T19:50:10","modified_gmt":"2025-06-20T19:50:10","slug":"inauguran-itea-y-ayuntamiento-de-apizaco-plaza-comunitaria","status":"publish","type":"post","link":"https:\/\/elcensornoticias.com\/?p=52179","title":{"rendered":"INAUGURAN ITEA Y AYUNTAMIENTO DE APIZACO PLAZA COMUNITARIA"},"content":{"rendered":"\n<p>Este nuevo espacio brindar\u00e1 servicios educativos gratuitos a la poblaci\u00f3n_<\/p>\n\n\n\n<p>El Instituto Tlaxcalteca para la Educaci\u00f3n de los Adultos (ITEA) ampli\u00f3 su cobertura y atenci\u00f3n educativa en Apizaco con la inauguraci\u00f3n de una nueva Plaza Comunitaria, que se materializ\u00f3 resultado de la colaboraci\u00f3n con el gobierno municipal.&nbsp;<\/p>\n\n\n\n<p>Este nuevo espacio brindar\u00e1 servicios gratuitos a personas en situaci\u00f3n de rezago educativo, reafirmando el compromiso del ITEA con la inclusi\u00f3n y el acceso a la educaci\u00f3n para j\u00f3venes y adultos en la regi\u00f3n.&nbsp;<\/p>\n\n\n\n<p>La directora general del ITEA, Michaelle Brito V\u00e1zquez, explic\u00f3 que esta iniciativa tiene el objetivo de atender a personas que no han concluido sus estudios de educaci\u00f3n primario o secundaria, as\u00ed como a tlaxcaltecas que no saben leer ni escribir.<\/p>\n\n\n\n<p>Brito V\u00e1zquez agradeci\u00f3 al ayuntamiento por facilitar el espacio donde se inaugur\u00f3 la Plaza Comunitaria y subray\u00f3 que este trabajo en conjunto representa el compromiso del Gobierno del Estado para garantizar una educaci\u00f3n incluyente, accesible y de calidad.<\/p>\n\n\n\n<p>\u201cLa apertura de esta Plaza Comunitaria en Apizaco brinda la oportunidad a la poblaci\u00f3n de acceder a esquemas educativos con horarios flexibles, equipo de c\u00f3mputo y asesor\u00eda personalizada\u201d, expres\u00f3.<\/p>\n\n\n\n<p>En su intervenci\u00f3n, el presidente municipal, Javier Rivera Bonilla, reiter\u00f3 el compromiso de la comuna con la promoci\u00f3n de la educaci\u00f3n y la creaci\u00f3n de espacios adecuados para el desarrollo de la poblaci\u00f3n.<\/p>\n\n\n\n<p>La nueva Plaza Comunitaria ofrecer\u00e1 diversas modalidades de estudio adaptadas a las necesidades de la poblaci\u00f3n; se impartir\u00e1n clases presenciales con apoyo de m\u00f3dulos impresos y asesor\u00eda de voluntarios, as\u00ed como opciones para estudiar de forma autodidacta y presentar ex\u00e1menes de acreditaci\u00f3n.&nbsp;<\/p>\n\n\n\n<p>Adem\u00e1s, las personas con experiencia laboral podr\u00e1n realizar un examen \u00fanico para obtener su certificado oficial de primaria o secundaria, avalado por la Secretar\u00eda de Educaci\u00f3n P\u00fablica (SEP).<\/p>\n\n\n\n<p>Durante el evento, se entregaron siete certificados de primaria y cinco de secundaria a habitantes de Apizaco que concluyeron exitosamente sus estudios.<\/p>\n","protected":false},"excerpt":{"rendered":"<p>Este nuevo espacio brindar\u00e1 servicios educativos gratuitos a la poblaci\u00f3n_ El Instituto Tlaxcalteca para la Educaci\u00f3n de los Adultos (ITEA) ampli\u00f3 su cobertura y atenci\u00f3n educativa en Apizaco con la inauguraci\u00f3n de una nueva Plaza Comunitaria, que se materializ\u00f3 resultado de la colaboraci\u00f3n con el gobierno municipal.&nbsp; Este nuevo espacio brindar\u00e1 servicios gratuitos a personas [&hellip;]<\/p>\n","protected":false},"author":1,"featured_media":52180,"comment_status":"open","ping_status":"open","sticky":false,"template":"","format":"standard","meta":{"advanced_seo_description":"","jetpack_seo_html_title":"","jetpack_seo_noindex":false,"footnotes":"","jetpack_publicize_message":"","jetpack_is_tweetstorm":false,"jetpack_publicize_feature_enabled":true,"jetpack_social_post_already_shared":true,"jetpack_social_options":{"image_generator_settings":{"template":"highway","enabled":false}}},"categories":[2,10],"tags":[],"class_list":["post-52179","post","type-post","status-publish","format-standard","has-post-thumbnail","hentry","category-destacadas","category-municipios"],"jetpack_publicize_connections":[],"jetpack_featured_media_url":"https:\/\/elcensornoticias.com\/wp-content\/uploads\/2025\/06\/Screenshot_20250620-113917-364.png","jetpack_likes_enabled":true,"jetpack_sharing_enabled":true,"jetpack_shortlink":"https:\/\/wp.me\/p6xy50-dzB","_links":{"self":[{"href":"https:\/\/elcensornoticias.com\/index.php?rest_route=\/wp\/v2\/posts\/52179","targetHints":{"allow":["GET"]}}],"collection":[{"href":"https:\/\/elcensornoticias.com\/index.php?rest_route=\/wp\/v2\/posts"}],"about":[{"href":"https:\/\/elcensornoticias.com\/index.php?rest_route=\/wp\/v2\/types\/post"}],"author":[{"embeddable":true,"href":"https:\/\/elcensornoticias.com\/index.php?rest_route=\/wp\/v2\/users\/1"}],"replies":[{"embeddable":true,"href":"https:\/\/elcensornoticias.com\/index.php?rest_route=%2Fwp%2Fv2%2Fcomments&post=52179"}],"version-history":[{"count":1,"href":"https:\/\/elcensornoticias.com\/index.php?rest_route=\/wp\/v2\/posts\/52179\/revisions"}],"predecessor-version":[{"id":52181,"href":"https:\/\/elcensornoticias.com\/index.php?rest_route=\/wp\/v2\/posts\/52179\/revisions\/52181"}],"wp:featuredmedia":[{"embeddable":true,"href":"https:\/\/elcensornoticias.com\/index.php?rest_route=\/wp\/v2\/media\/52180"}],"wp:attachment":[{"href":"https:\/\/elcensornoticias.com\/index.php?rest_route=%2Fwp%2Fv2%2Fmedia&parent=52179"}],"wp:term":[{"taxonomy":"category","embeddable":true,"href":"https:\/\/elcensornoticias.com\/index.php?rest_route=%2Fwp%2Fv2%2Fcategories&post=52179"},{"taxonomy":"post_tag","embeddable":true,"href":"https:\/\/elcensornoticias.com\/index.php?rest_route=%2Fwp%2Fv2%2Ftags&post=52179"}],"curies":[{"name":"wp","href":"https:\/\/api.w.org\/{rel}","templated":true}]}}