{"id":52137,"date":"2025-06-19T02:12:27","date_gmt":"2025-06-19T02:12:27","guid":{"rendered":"http:\/\/elcensornoticias.com\/?p=52137"},"modified":"2025-06-19T02:12:30","modified_gmt":"2025-06-19T02:12:30","slug":"el-riff-de-the-hives-invade-la-senal-del-veintidos","status":"publish","type":"post","link":"https:\/\/elcensornoticias.com\/?p=52137","title":{"rendered":"EL\u00a0RIFF\u00a0DE\u00a0THE HIVES\u00a0INVADE LA SE\u00d1AL DEL VEINTID\u00d3S"},"content":{"rendered":"\n<ul class=\"wp-block-list\">\n<li><strong>Reactor 105.7 FM y el IMER comparten su sesi\u00f3n\u00a0<em>En Corto: The Hives<\/em>\u00a0que incluye los nuevos lanzamientos de la banda sueca<\/strong><\/li>\n\n\n\n<li><strong>Estreno: viernes 20 de junio, a las 23:00 horas, por la se\u00f1al 22.1<\/strong><\/li>\n<\/ul>\n\n\n\n<p>Ciudad de M\u00e9xico, a 18 de junio del 2025. La se\u00f1al del&nbsp;<strong>Canal de las Culturas de M\u00e9xico<\/strong>&nbsp;convoca una vez m\u00e1s a sus televidentes, quienes podr\u00e1n ser parte de la \u00edntima sesi\u00f3n&nbsp;<strong><em>En Corto: The Hives<\/em><\/strong>, que tuvo lugar en la radioemisora&nbsp;Reactor 105.7 FM, del&nbsp;IMER, y que podr\u00e1n disfrutar el pr\u00f3ximo&nbsp;viernes 20 de junio, a las 23:00 horas.<\/p>\n\n\n\n<p>Promocional&nbsp;<em><u><a rel=\"noreferrer noopener\" target=\"_blank\" href=\"https:\/\/www.youtube.com\/watch?v=OFan40v1DkI&amp;ab_channel=Canal22\">En corto: The Hives<\/a><\/u><\/em><\/p>\n\n\n\n<p><strong>Howlin\u2019 Pelle Almqvist<\/strong>&nbsp;en la voz;&nbsp;Niklas Arson&nbsp;en la guitarra principal;&nbsp;Vigilante Karlsson, en la guitarra r\u00edtmica;&nbsp;Chris Dangerous&nbsp;en la bater\u00eda y&nbsp;The Johan and Only, en el bajo, regresan a M\u00e9xico tras su presentaci\u00f3n del a\u00f1o pasado en el Palacio de los Deportes de la capital del pa\u00eds, concierto que tambi\u00e9n ha sido el m\u00e1s grande en la historia de la banda. Este encuentro, que adem\u00e1s estuvo acompa\u00f1ado por la locutora y conductora&nbsp;Mar\u00eda Letona, sirvi\u00f3 para presentar cl\u00e1sicos como&nbsp;<em>Hate To Say I Told You So&nbsp;<\/em>y piezas de su nuevo repertorio&nbsp;<em>The Hives Forever Forever The Hives<\/em>, su \u00e1lbum pr\u00f3ximo a estrenar el 29 de agosto, que contar\u00e1 con t\u00edtulos como&nbsp;<em>Paint a Picture<\/em>&nbsp;o&nbsp;<em>Enough is Enough<\/em>&nbsp;y que la audiencia podr\u00e1 disfrutar en esta emisi\u00f3n.<\/p>\n\n\n\n<p>Esta sesi\u00f3n de media hora podr\u00e1 disfrutarse el&nbsp;viernes 20 de junio a las 23:00 horas&nbsp;por&nbsp;<strong>Canal Veintid\u00f3s<\/strong>&nbsp;(se\u00f1al 22.1) y por<em><u><a rel=\"noreferrer noopener\" target=\"_blank\" href=\"https:\/\/www.canal22.org.mx\/index.html\">streaming<\/a><\/u><\/em><strong>&nbsp;a trav\u00e9s del portal de la televisora<\/strong>. Adem\u00e1s, para el p\u00fablico en Estados Unidos, se podr\u00e1 disfrutar el mismo d\u00eda a las&nbsp;22:00h PT \/ 01:00h ET&nbsp;por la&nbsp;se\u00f1al internacional.<\/p>\n\n\n\n<p>Por otra parte, este programa contar\u00e1 con una&nbsp;retransmisi\u00f3n&nbsp;en el Veintid\u00f3s, el&nbsp;domingo 22 de junio, a las 19:30 horas.<\/p>\n\n\n\n<p>Los mejores especiales por&nbsp;<strong>Canal Veintid\u00f3s<\/strong>, el Canal de las Culturas de M\u00e9xico.&nbsp;<\/p>\n","protected":false},"excerpt":{"rendered":"<p>Ciudad de M\u00e9xico, a 18 de junio del 2025. La se\u00f1al del&nbsp;Canal de las Culturas de M\u00e9xico&nbsp;convoca una vez m\u00e1s a sus televidentes, quienes podr\u00e1n ser parte de la \u00edntima sesi\u00f3n&nbsp;En Corto: The Hives, que tuvo lugar en la radioemisora&nbsp;Reactor 105.7 FM, del&nbsp;IMER, y que podr\u00e1n disfrutar el pr\u00f3ximo&nbsp;viernes 20 de junio, a las 23:00 [&hellip;]<\/p>\n","protected":false},"author":1,"featured_media":52138,"comment_status":"open","ping_status":"open","sticky":false,"template":"","format":"standard","meta":{"advanced_seo_description":"","jetpack_seo_html_title":"","jetpack_seo_noindex":false,"footnotes":"","jetpack_publicize_message":"","jetpack_is_tweetstorm":false,"jetpack_publicize_feature_enabled":true,"jetpack_social_post_already_shared":true,"jetpack_social_options":{"image_generator_settings":{"template":"highway","enabled":false}}},"categories":[26],"tags":[],"class_list":["post-52137","post","type-post","status-publish","format-standard","has-post-thumbnail","hentry","category-cultura"],"jetpack_publicize_connections":[],"jetpack_featured_media_url":"https:\/\/elcensornoticias.com\/wp-content\/uploads\/2025\/06\/En-corto-The-Hives.jpeg","jetpack_likes_enabled":true,"jetpack_sharing_enabled":true,"jetpack_shortlink":"https:\/\/wp.me\/p6xy50-dyV","_links":{"self":[{"href":"https:\/\/elcensornoticias.com\/index.php?rest_route=\/wp\/v2\/posts\/52137","targetHints":{"allow":["GET"]}}],"collection":[{"href":"https:\/\/elcensornoticias.com\/index.php?rest_route=\/wp\/v2\/posts"}],"about":[{"href":"https:\/\/elcensornoticias.com\/index.php?rest_route=\/wp\/v2\/types\/post"}],"author":[{"embeddable":true,"href":"https:\/\/elcensornoticias.com\/index.php?rest_route=\/wp\/v2\/users\/1"}],"replies":[{"embeddable":true,"href":"https:\/\/elcensornoticias.com\/index.php?rest_route=%2Fwp%2Fv2%2Fcomments&post=52137"}],"version-history":[{"count":1,"href":"https:\/\/elcensornoticias.com\/index.php?rest_route=\/wp\/v2\/posts\/52137\/revisions"}],"predecessor-version":[{"id":52139,"href":"https:\/\/elcensornoticias.com\/index.php?rest_route=\/wp\/v2\/posts\/52137\/revisions\/52139"}],"wp:featuredmedia":[{"embeddable":true,"href":"https:\/\/elcensornoticias.com\/index.php?rest_route=\/wp\/v2\/media\/52138"}],"wp:attachment":[{"href":"https:\/\/elcensornoticias.com\/index.php?rest_route=%2Fwp%2Fv2%2Fmedia&parent=52137"}],"wp:term":[{"taxonomy":"category","embeddable":true,"href":"https:\/\/elcensornoticias.com\/index.php?rest_route=%2Fwp%2Fv2%2Fcategories&post=52137"},{"taxonomy":"post_tag","embeddable":true,"href":"https:\/\/elcensornoticias.com\/index.php?rest_route=%2Fwp%2Fv2%2Ftags&post=52137"}],"curies":[{"name":"wp","href":"https:\/\/api.w.org\/{rel}","templated":true}]}}