{"id":52124,"date":"2025-06-18T20:46:56","date_gmt":"2025-06-18T20:46:56","guid":{"rendered":"http:\/\/elcensornoticias.com\/?p=52124"},"modified":"2025-06-18T20:47:03","modified_gmt":"2025-06-18T20:47:03","slug":"espectros-de-jorge-gonzalez-camarena","status":"publish","type":"post","link":"https:\/\/elcensornoticias.com\/?p=52124","title":{"rendered":"ESPECTROS,\u00a0DE JORGE GONZ\u00c1LEZ CAMARENA"},"content":{"rendered":"\n<ul class=\"wp-block-list\">\n<li><strong>La muestra es el resultado de la tercera edici\u00f3n del laboratorio multidisciplinario Muralismo Desbordado, un proyecto de activaciones art\u00edsticas del Museo del Palacio de Bellas Artes para promover nuevas lecturas en torno a la colecci\u00f3n de obras del recinto<\/strong><\/li>\n\n\n\n<li><strong>La instalaci\u00f3n est\u00e1 compuesta por 12 piezas que dialogan con el mural\u00a0<em>La Liberaci\u00f3n,\u00a0<\/em>a trav\u00e9s de diversas t\u00e9cnicas textiles y el estudio de saberes como la numerolog\u00eda, el I Ching y la carta astral<\/strong><\/li>\n<\/ul>\n\n\n\n<p>A 45 a\u00f1os de su fallecimiento, Jorge Gonz\u00e1lez Camarena se hace presente en el Museo del Palacio de Bellas Artes (MPBA), gracias a&nbsp;<em>Espectros<\/em>, una instalaci\u00f3n creada por la artista Isa Carrillo a partir del mural&nbsp;<em>La Liberaci\u00f3n<\/em>&nbsp;\u2013realizado por el jalisciense en 1963\u2013 y que invita al p\u00fablico a contemplar la obra desde una reinterpretaci\u00f3n bidimensional, escult\u00f3rica y envolvente.<\/p>\n\n\n\n<p><em>Espectros<\/em>&nbsp;es resultado de la tercera edici\u00f3n del laboratorio multidisciplinar Muralismo Desbordado, un proyecto de activaciones art\u00edsticas impulsado por el MPBA, recinto del Instituto Nacional de Bellas Artes y Literatura (INBAL), de la Secretar\u00eda de Cultura del Gobierno de M\u00e9xico.<\/p>\n\n\n\n<p>\u201cMuralismo Desbordado naci\u00f3 en el 2023 con la intenci\u00f3n de crear nuevas lecturas narrativas y nuevas aproximaciones a la colecci\u00f3n de murales que hay en el Museo del Palacio de Bellas Artes\u201d, explica el curador asociado del recinto, Miguel \u00c1lvarez Cuevas, quien adem\u00e1s se encarg\u00f3 de curar la exposici\u00f3n&nbsp;<em>Jorge Gonz\u00e1lez Camarena: la utop\u00eda inacabada \u2013<\/em>abierta al p\u00fablico desde el pasado 23 de mayo\u2013 y que ahora convive con&nbsp;<em>Espectros<\/em>.<\/p>\n\n\n\n<p>\u201cEn el 45 aniversario luctuoso del artista jalisciense, Isa Carrillo hace esta exploraci\u00f3n y desborda los l\u00edmites de un mural como&nbsp;<em>La Liberaci\u00f3n<\/em>&nbsp;para transformarlo a una condici\u00f3n escult\u00f3rica y con nuevas materialidades para acercar a los p\u00fablicos a nuevas formas de leer los murales\u201d, a\u00f1adi\u00f3 \u00c1lvarez Cuevas.<\/p>\n\n\n\n<p><strong>Se abre un di\u00e1logo m\u00edstico<\/strong><\/p>\n\n\n\n<p>Para el Volumen 3 de Muralismo Desbordado, la tambi\u00e9n jalisciense Isa Carrillo cre\u00f3 una instalaci\u00f3n compuesta por 12 piezas textiles, intervenidas por diversas t\u00e9cnicas que, como fantasmas, se suspenden en espiral dentro del \u00e1rea de murales del MPBA para envolver a las y los espectadores en un di\u00e1logo m\u00edstico que yuxtapone su obra con la de Gonz\u00e1lez Camarena.<\/p>\n\n\n\n<p>Esto, explica Carrillo, a trav\u00e9s de una perspectiva simb\u00f3lica y sensorial que le ha dado el estudio del esoterismo, tradiciones ancestrales y saberes como la numerolog\u00eda, la quiromancia, el I Ching y la carta astral, entre otros.<\/p>\n\n\n\n<p>\u201cMe gusta partir de la fecha de nacimiento del personaje (en este caso Gonz\u00e1lez Camarena) para conocer su perfil psicoemocional y de esa manera conocerlo (&#8230;) escuchar sus audios tambi\u00e9n me ayud\u00f3 mucho para saber qu\u00e9 tipo de persona era y de esa manera lo pude conectar conmigo en una especie de danza, a pesar de que ya no est\u00e1, pero s\u00ed la huella que dej\u00f3\u201d, expresa la artista.<\/p>\n\n\n\n<p>Y agrega: \u201cUn espectro es como un desdoblamiento de algo que no puedes ver directamente y se presenta en una visi\u00f3n secundaria\u201d, sobre la intenci\u00f3n de desbordar uno de los murales m\u00e1s representativos de Gonz\u00e1lez Camarena y del Palacio de Bellas Artes.<\/p>\n\n\n\n<p>Carrillo explica que para la instalaci\u00f3n us\u00f3 cuatro t\u00e9cnicas distintas, una de ellas el bordado hecho sobre pa\u00f1o de lana con hilos de seda y algod\u00f3n te\u00f1idos con plantas, segmentos de lino y lana, y bordado lineal sobre yute.<\/p>\n\n\n\n<p>Dicha instalaci\u00f3n, en la que Carrillo convers\u00f3 con la obra de uno de los artistas mexicanos m\u00e1s importantes del siglo XX, est\u00e1 abierta al p\u00fablico en el \u00e1rea de murales del MPBA hasta el 13 de julio de 2025; durante el mismo periodo, las y los visitantes del recinto apreciar\u00e1n la exposici\u00f3n&nbsp;<em>Jorge Gonz\u00e1lez Camarena: la utop\u00eda inacabada<\/em>, que permanecer\u00e1 hasta el 14 de septiembre del a\u00f1o en curso, en las salas Siqueiros, Camarena, Orozco y Tamayo.<\/p>\n","protected":false},"excerpt":{"rendered":"<p>A 45 a\u00f1os de su fallecimiento, Jorge Gonz\u00e1lez Camarena se hace presente en el Museo del Palacio de Bellas Artes (MPBA), gracias a&nbsp;Espectros, una instalaci\u00f3n creada por la artista Isa Carrillo a partir del mural&nbsp;La Liberaci\u00f3n&nbsp;\u2013realizado por el jalisciense en 1963\u2013 y que invita al p\u00fablico a contemplar la obra desde una reinterpretaci\u00f3n bidimensional, escult\u00f3rica [&hellip;]<\/p>\n","protected":false},"author":1,"featured_media":52125,"comment_status":"open","ping_status":"open","sticky":false,"template":"","format":"standard","meta":{"advanced_seo_description":"","jetpack_seo_html_title":"","jetpack_seo_noindex":false,"footnotes":"","jetpack_publicize_message":"","jetpack_is_tweetstorm":false,"jetpack_publicize_feature_enabled":true,"jetpack_social_post_already_shared":true,"jetpack_social_options":{"image_generator_settings":{"template":"highway","enabled":false}}},"categories":[26],"tags":[],"class_list":["post-52124","post","type-post","status-publish","format-standard","has-post-thumbnail","hentry","category-cultura"],"jetpack_publicize_connections":[],"jetpack_featured_media_url":"https:\/\/elcensornoticias.com\/wp-content\/uploads\/2025\/06\/Secretaria-de-Cultira-Aurea-del-Rosario-1.jpeg","jetpack_likes_enabled":true,"jetpack_sharing_enabled":true,"jetpack_shortlink":"https:\/\/wp.me\/p6xy50-dyI","_links":{"self":[{"href":"https:\/\/elcensornoticias.com\/index.php?rest_route=\/wp\/v2\/posts\/52124","targetHints":{"allow":["GET"]}}],"collection":[{"href":"https:\/\/elcensornoticias.com\/index.php?rest_route=\/wp\/v2\/posts"}],"about":[{"href":"https:\/\/elcensornoticias.com\/index.php?rest_route=\/wp\/v2\/types\/post"}],"author":[{"embeddable":true,"href":"https:\/\/elcensornoticias.com\/index.php?rest_route=\/wp\/v2\/users\/1"}],"replies":[{"embeddable":true,"href":"https:\/\/elcensornoticias.com\/index.php?rest_route=%2Fwp%2Fv2%2Fcomments&post=52124"}],"version-history":[{"count":1,"href":"https:\/\/elcensornoticias.com\/index.php?rest_route=\/wp\/v2\/posts\/52124\/revisions"}],"predecessor-version":[{"id":52126,"href":"https:\/\/elcensornoticias.com\/index.php?rest_route=\/wp\/v2\/posts\/52124\/revisions\/52126"}],"wp:featuredmedia":[{"embeddable":true,"href":"https:\/\/elcensornoticias.com\/index.php?rest_route=\/wp\/v2\/media\/52125"}],"wp:attachment":[{"href":"https:\/\/elcensornoticias.com\/index.php?rest_route=%2Fwp%2Fv2%2Fmedia&parent=52124"}],"wp:term":[{"taxonomy":"category","embeddable":true,"href":"https:\/\/elcensornoticias.com\/index.php?rest_route=%2Fwp%2Fv2%2Fcategories&post=52124"},{"taxonomy":"post_tag","embeddable":true,"href":"https:\/\/elcensornoticias.com\/index.php?rest_route=%2Fwp%2Fv2%2Ftags&post=52124"}],"curies":[{"name":"wp","href":"https:\/\/api.w.org\/{rel}","templated":true}]}}