{"id":52094,"date":"2025-06-17T22:51:45","date_gmt":"2025-06-17T22:51:45","guid":{"rendered":"http:\/\/elcensornoticias.com\/?p=52094"},"modified":"2025-06-17T22:51:47","modified_gmt":"2025-06-17T22:51:47","slug":"autentico-pulque-de-nanacamilpa","status":"publish","type":"post","link":"https:\/\/elcensornoticias.com\/?p=52094","title":{"rendered":"\u201cAut\u00e9ntico Pulque de Nanacamilpa\u201d"},"content":{"rendered":"\n<p>El Patio Vitral del Congreso del Estado fue sede de la presentaci\u00f3n de la marca \u201cAut\u00e9ntico Pulque de Nanacamilpa\u201d, la inauguraci\u00f3n simb\u00f3lica del espacio cultural \u201cEl Gran Tinacal\u201d y el anuncio de las actividades que el municipio de Nanacamilpa ofrecer\u00e1 durante la temporada de luci\u00e9rnagas 2025. Esta acci\u00f3n fue considerada de gran relevancia para el impulso tur\u00edstico, econ\u00f3mico y cultural del municipio.<\/p>\n\n\n\n<p>Durante el evento, la diputada Soraya Noemi Bocardo Phillips destac\u00f3 la importancia de reconocer e impulsar al pulque de Nanacamilpa como parte del legado hist\u00f3rico de Tlaxcala, al afirmar que \u201cel pulque no es solo una bebida, es cultura, es comunidad, y es un legado que ha pasado de generaci\u00f3n en generaci\u00f3n\u201d. En ese sentido, respald\u00f3 el objetivo de esta iniciativa, enfocada en promover el desarrollo local a trav\u00e9s del turismo sostenible, fortalecer el trabajo de las y los productores y enriquecer la experiencia de los visitantes.<\/p>\n\n\n\n<p>A su vez, Rafael del Razo, representante de la Asociaci\u00f3n de Pulqueros de Nanacamilpa, agradeci\u00f3 el respaldo de la diputada Laura Yamili Flores Lozano, quien facilit\u00f3 la realizaci\u00f3n de este evento inaugural. Adem\u00e1s, invit\u00f3 a la ciudadan\u00eda tlaxcalteca y a visitantes de entidades vecinas a disfrutar del pulque, el aguamiel, sazonadores, az\u00facar y diversos productos derivados del maguey, as\u00ed como a visitar los tinacales y las rutas del pulque en el marco del avistamiento de luci\u00e9rnagas, cuya temporada iniciar\u00e1 el 20 de junio y concluir\u00e1 el 19 de agosto.<\/p>\n\n\n\n<p>Finalmente, autoridades municipales resaltaron que durante esta temporada se preservar\u00e1 el equilibrio ecol\u00f3gico de los bosques y la fauna local. Asimismo, destacaron que la marca \u201cAut\u00e9ntico Pulque de Nanacamilpa\u201d ofrecer\u00e1 certeza de origen, cultura y tradici\u00f3n a consumidores locales, nacionales e internacionales, impulsando con ello la econom\u00eda y el turismo del municipio y del estado.<\/p>\n","protected":false},"excerpt":{"rendered":"<p>El Patio Vitral del Congreso del Estado fue sede de la presentaci\u00f3n de la marca \u201cAut\u00e9ntico Pulque de Nanacamilpa\u201d, la inauguraci\u00f3n simb\u00f3lica del espacio cultural \u201cEl Gran Tinacal\u201d y el anuncio de las actividades que el municipio de Nanacamilpa ofrecer\u00e1 durante la temporada de luci\u00e9rnagas 2025. Esta acci\u00f3n fue considerada de gran relevancia para el [&hellip;]<\/p>\n","protected":false},"author":1,"featured_media":52095,"comment_status":"open","ping_status":"open","sticky":false,"template":"","format":"standard","meta":{"advanced_seo_description":"","jetpack_seo_html_title":"","jetpack_seo_noindex":false,"footnotes":"","jetpack_publicize_message":"","jetpack_is_tweetstorm":false,"jetpack_publicize_feature_enabled":true,"jetpack_social_post_already_shared":true,"jetpack_social_options":{"image_generator_settings":{"template":"highway","enabled":false}}},"categories":[27,2],"tags":[],"class_list":["post-52094","post","type-post","status-publish","format-standard","has-post-thumbnail","hentry","category-congreso","category-destacadas"],"jetpack_publicize_connections":[],"jetpack_featured_media_url":"https:\/\/elcensornoticias.com\/wp-content\/uploads\/2025\/06\/2191d291-382f-47a0-bae9-86ff0aad4818.jpg","jetpack_likes_enabled":true,"jetpack_sharing_enabled":true,"jetpack_shortlink":"https:\/\/wp.me\/p6xy50-dye","_links":{"self":[{"href":"https:\/\/elcensornoticias.com\/index.php?rest_route=\/wp\/v2\/posts\/52094","targetHints":{"allow":["GET"]}}],"collection":[{"href":"https:\/\/elcensornoticias.com\/index.php?rest_route=\/wp\/v2\/posts"}],"about":[{"href":"https:\/\/elcensornoticias.com\/index.php?rest_route=\/wp\/v2\/types\/post"}],"author":[{"embeddable":true,"href":"https:\/\/elcensornoticias.com\/index.php?rest_route=\/wp\/v2\/users\/1"}],"replies":[{"embeddable":true,"href":"https:\/\/elcensornoticias.com\/index.php?rest_route=%2Fwp%2Fv2%2Fcomments&post=52094"}],"version-history":[{"count":1,"href":"https:\/\/elcensornoticias.com\/index.php?rest_route=\/wp\/v2\/posts\/52094\/revisions"}],"predecessor-version":[{"id":52096,"href":"https:\/\/elcensornoticias.com\/index.php?rest_route=\/wp\/v2\/posts\/52094\/revisions\/52096"}],"wp:featuredmedia":[{"embeddable":true,"href":"https:\/\/elcensornoticias.com\/index.php?rest_route=\/wp\/v2\/media\/52095"}],"wp:attachment":[{"href":"https:\/\/elcensornoticias.com\/index.php?rest_route=%2Fwp%2Fv2%2Fmedia&parent=52094"}],"wp:term":[{"taxonomy":"category","embeddable":true,"href":"https:\/\/elcensornoticias.com\/index.php?rest_route=%2Fwp%2Fv2%2Fcategories&post=52094"},{"taxonomy":"post_tag","embeddable":true,"href":"https:\/\/elcensornoticias.com\/index.php?rest_route=%2Fwp%2Fv2%2Ftags&post=52094"}],"curies":[{"name":"wp","href":"https:\/\/api.w.org\/{rel}","templated":true}]}}