{"id":52077,"date":"2025-06-17T22:40:28","date_gmt":"2025-06-17T22:40:28","guid":{"rendered":"http:\/\/elcensornoticias.com\/?p=52077"},"modified":"2025-06-17T22:40:38","modified_gmt":"2025-06-17T22:40:38","slug":"semilleros-creativos-fortalecen-su-formacion-artistica","status":"publish","type":"post","link":"https:\/\/elcensornoticias.com\/?p=52077","title":{"rendered":"SEMILLEROS CREATIVOS FORTALECEN SU FORMACI\u00d3N ART\u00cdSTICA"},"content":{"rendered":"\n<ul class=\"wp-block-list\">\n<li>M\u00e1s de 50 ni\u00f1as, ni\u00f1os y j\u00f3venes de los Semilleros Creativos de la Ciudad de M\u00e9xico participaron en el encuentro multidisciplinario \u201cArte sin fronteras\u201d<\/li>\n\n\n\n<li>Diversos talleres con artistas del Instituto de Mexicanas y Mexicanos en el Exterior (IMME) enriquecieron su proceso formativo<\/li>\n\n\n\n<li>El evento fue parte de la 6.\u00aa Jornada de Artistas del IMME<\/li>\n<\/ul>\n\n\n\n<p>Los Semilleros Creativos de la Ciudad de M\u00e9xico fueron protagonistas del Encuentro Multidisciplinario \u201cArte sin fronteras\u201d, realizado el viernes 13 de junio en la Utop\u00eda Tezontli, en Iztapalapa, Ciudad de M\u00e9xico. A trav\u00e9s de talleres, presentaciones y espacios de convivencia, m\u00e1s de 50 ni\u00f1as, ni\u00f1os y j\u00f3venes fortalecieron su formaci\u00f3n art\u00edstica junto a artistas mexicanos que actualmente radican fuera del pa\u00eds.<\/p>\n\n\n\n<p>Esta actividad form\u00f3 parte de la 6.\u00aa Jornada de Artistas del IMME, celebrada del 11 al 13 de junio en la Ciudad de M\u00e9xico. El encuentro, organizado por el IMME \u2014en coordinaci\u00f3n con la Secretar\u00eda de Relaciones Exteriores y la Secretar\u00eda de Cultura del Gobierno de M\u00e9xico\u2014, reuni\u00f3 a artistas mexicanas y mexicanos en el extranjero para fomentar el intercambio cultural. En este marco, las y los integrantes de los Semilleros ampliaron su experiencia art\u00edstica a trav\u00e9s del intercambio de saberes, lenguajes y metodolog\u00edas provenientes de otros contextos.<\/p>\n\n\n\n<p>Durante la jornada, se ofrecieron tres talleres comunitarios a cargo de integrantes del IMME:&nbsp;<em>Circo Social con Hula Hoop y Malabare<\/em>s;&nbsp;<em>Chor\u00e9graKIDS: Laboratorio de Danza y Creaci\u00f3n Coreogr\u00e1fica<\/em>, y&nbsp;<em>Bordando M\u00e9xico: Postales Bordadas<\/em>. En cada uno, las y los integrantes de los Semilleros Creativos exploraron nuevas formas de expresi\u00f3n a trav\u00e9s del movimiento, el juego y las t\u00e9cnicas textiles.<\/p>\n\n\n\n<p>El taller de circo promovi\u00f3 el trabajo en equipo, la coordinaci\u00f3n y la confianza a trav\u00e9s de din\u00e1micas l\u00fadicas con objetos. En el laboratorio de danza, ni\u00f1as, ni\u00f1os y j\u00f3venes experimentaron diversas formas de moverse. Finalmente, en&nbsp;<em>Bordando M\u00e9xico<\/em>, bordaron postales que reflejan su identidad y territorio, guiados por artistas mexicanos que actualmente radican en el extranjero.<\/p>\n\n\n\n<p>Estas actividades fortalecieron su proceso art\u00edstico y propiciaron un valioso intercambio cultural con mexicanas y mexicanos que desarrollan su obra fuera del pa\u00eds. Las sesiones promovieron la creatividad, el trabajo colaborativo y el reconocimiento de los v\u00ednculos culturales entre M\u00e9xico y su comunidad en el extranjero.<\/p>\n\n\n\n<p>En estas actividades participaron cinco Semilleros Creativos que trabajan diversas disciplinas: Dibujo, Pintura y Artes Pl\u00e1sticas, en Cuauht\u00e9moc; Artes Gr\u00e1ficas, en Chapultepec, Miguel Hidalgo; Ilustraci\u00f3n y Escritura Creativa, en Casa Marie Jos\u00e9 y Octavio Paz, Miguel Hidalgo; Dibujo, Pintura, Artes Pl\u00e1sticas y Teatro, en Xochimilco, y Circo, en Utop\u00eda Tezontli, Iztapalapa.<\/p>\n\n\n\n<p>Los Semilleros Creativos son grupos de formaci\u00f3n art\u00edstica gratuita con enfoque comunitario, donde ni\u00f1as, ni\u00f1os y j\u00f3venes desarrollan su creatividad y expresan sus ideas a trav\u00e9s del arte. Estos espacios, que forman parte del programa Cultura Comunitaria de la Secretar\u00eda de Cultura del Gobierno de M\u00e9xico, contribuyen a fortalecer el tejido social desde la cultura, el di\u00e1logo y la participaci\u00f3n activa en la vida comunitaria.<\/p>\n\n\n\n<p>Con actividades como \u201cArte sin fronteras\u201d, se reafirma el compromiso de los Semilleros Creativos por brindar experiencias formativas integrales, vinculadas a las realidades de sus comunidades, pero tambi\u00e9n abiertas al mundo.<\/p>\n\n\n\n<p>Para conocer m\u00e1s sobre la programaci\u00f3n y actividades de los Semilleros Creativos, visita la p\u00e1gina: culturacomunitaria.cultura.gob.mx, as\u00ed como en las redes sociales de la Direcci\u00f3n General de Vinculaci\u00f3n Cultural (Facebook y X: @VinculaCultura).<\/p>\n","protected":false},"excerpt":{"rendered":"<p>Los Semilleros Creativos de la Ciudad de M\u00e9xico fueron protagonistas del Encuentro Multidisciplinario \u201cArte sin fronteras\u201d, realizado el viernes 13 de junio en la Utop\u00eda Tezontli, en Iztapalapa, Ciudad de M\u00e9xico. A trav\u00e9s de talleres, presentaciones y espacios de convivencia, m\u00e1s de 50 ni\u00f1as, ni\u00f1os y j\u00f3venes fortalecieron su formaci\u00f3n art\u00edstica junto a artistas mexicanos [&hellip;]<\/p>\n","protected":false},"author":1,"featured_media":52078,"comment_status":"open","ping_status":"open","sticky":false,"template":"","format":"standard","meta":{"advanced_seo_description":"","jetpack_seo_html_title":"","jetpack_seo_noindex":false,"footnotes":"","jetpack_publicize_message":"","jetpack_is_tweetstorm":false,"jetpack_publicize_feature_enabled":true,"jetpack_social_post_already_shared":true,"jetpack_social_options":{"image_generator_settings":{"template":"highway","enabled":false}}},"categories":[26],"tags":[],"class_list":["post-52077","post","type-post","status-publish","format-standard","has-post-thumbnail","hentry","category-cultura"],"jetpack_publicize_connections":[],"jetpack_featured_media_url":"https:\/\/elcensornoticias.com\/wp-content\/uploads\/2025\/06\/WhatsApp-Image-2025-06-16-at-7.58.24-PM-2.jpeg","jetpack_likes_enabled":true,"jetpack_sharing_enabled":true,"jetpack_shortlink":"https:\/\/wp.me\/p6xy50-dxX","_links":{"self":[{"href":"https:\/\/elcensornoticias.com\/index.php?rest_route=\/wp\/v2\/posts\/52077","targetHints":{"allow":["GET"]}}],"collection":[{"href":"https:\/\/elcensornoticias.com\/index.php?rest_route=\/wp\/v2\/posts"}],"about":[{"href":"https:\/\/elcensornoticias.com\/index.php?rest_route=\/wp\/v2\/types\/post"}],"author":[{"embeddable":true,"href":"https:\/\/elcensornoticias.com\/index.php?rest_route=\/wp\/v2\/users\/1"}],"replies":[{"embeddable":true,"href":"https:\/\/elcensornoticias.com\/index.php?rest_route=%2Fwp%2Fv2%2Fcomments&post=52077"}],"version-history":[{"count":1,"href":"https:\/\/elcensornoticias.com\/index.php?rest_route=\/wp\/v2\/posts\/52077\/revisions"}],"predecessor-version":[{"id":52079,"href":"https:\/\/elcensornoticias.com\/index.php?rest_route=\/wp\/v2\/posts\/52077\/revisions\/52079"}],"wp:featuredmedia":[{"embeddable":true,"href":"https:\/\/elcensornoticias.com\/index.php?rest_route=\/wp\/v2\/media\/52078"}],"wp:attachment":[{"href":"https:\/\/elcensornoticias.com\/index.php?rest_route=%2Fwp%2Fv2%2Fmedia&parent=52077"}],"wp:term":[{"taxonomy":"category","embeddable":true,"href":"https:\/\/elcensornoticias.com\/index.php?rest_route=%2Fwp%2Fv2%2Fcategories&post=52077"},{"taxonomy":"post_tag","embeddable":true,"href":"https:\/\/elcensornoticias.com\/index.php?rest_route=%2Fwp%2Fv2%2Ftags&post=52077"}],"curies":[{"name":"wp","href":"https:\/\/api.w.org\/{rel}","templated":true}]}}