{"id":52063,"date":"2025-06-17T22:26:18","date_gmt":"2025-06-17T22:26:18","guid":{"rendered":"http:\/\/elcensornoticias.com\/?p=52063"},"modified":"2025-06-17T22:26:21","modified_gmt":"2025-06-17T22:26:21","slug":"concurso-nacional-de-creacion-artistica-y-contenidos-digitales","status":"publish","type":"post","link":"https:\/\/elcensornoticias.com\/?p=52063","title":{"rendered":"CONCURSO NACIONAL DE CREACI\u00d3N ART\u00cdSTICA Y CONTENIDOS DIGITALES"},"content":{"rendered":"\n<ul class=\"wp-block-list\">\n<li><strong>El certamen est\u00e1 dirigido a j\u00f3venes de entre 12 y 29 a\u00f1os de todo el pa\u00eds<\/strong><\/li>\n\n\n\n<li><strong>Las obras seleccionadas formar\u00e1n parte de la campa\u00f1a nacional de prevenci\u00f3n de adicciones del Gobierno de M\u00e9xico<\/strong><\/li>\n\n\n\n<li><strong>Se otorgar\u00e1n reconocimientos como acceso a estudios profesionales, cursos y clases maestras con profesionales<\/strong><\/li>\n<\/ul>\n\n\n\n<p>La Secretar\u00eda de Cultura del Gobierno de M\u00e9xico, a trav\u00e9s de la Direcci\u00f3n General de Vinculaci\u00f3n Cultural, convoca al concurso nacional de creaci\u00f3n art\u00edstica y contenidos digitales \u201cElige ser feliz. Por la paz y contra las adicciones\u201d.<\/p>\n\n\n\n<p>Como su nombre lo indica, y en l\u00ednea con la estrategia del Gobierno de M\u00e9xico \u201cPor la paz y contra las adicciones\u201d, el concurso invita a las y los j\u00f3venes de toda la Rep\u00fablica a expresar, mediante la creaci\u00f3n art\u00edstica, mensajes de reflexi\u00f3n sobre los efectos del consumo de drogas y la importancia de llevar una vida libre de adicciones. Las propuestas se podr\u00e1n registrar del 16 de junio al 16 de julio de 2025.<\/p>\n\n\n\n<p>Las y los participantes podr\u00e1n postular sus obras en las siguientes categor\u00edas:<\/p>\n\n\n\n<ul class=\"wp-block-list\">\n<li>Contenido digital para redes: meme, caricatura y fotograf\u00eda (individual o carrusel); as\u00ed como video corto (Reels, Shorts, TikTok).<\/li>\n\n\n\n<li>Cortometraje<\/li>\n\n\n\n<li>Canci\u00f3n<\/li>\n<\/ul>\n\n\n\n<p>Para participar, se tienen que seguir las cuentas oficiales del Gobierno de M\u00e9xico y la Secretar\u00eda de Cultura en Facebook, Instagram, X y TikTok y, etiquetarlas; se deber\u00e1 publicar la creaci\u00f3n, en modo p\u00fablico con el uso de los hashtags #ElijoSerFeliz, #EligeSerFeliz, #PorLaPaz y #ContraLasAdicciones.<\/p>\n\n\n\n<p>Finalmente, hay que registrar la participaci\u00f3n en el formulario:\u00a0<a href=\"https:\/\/forms.gle\/WTLJBc1zTy9gMeLD8\" target=\"_blank\" rel=\"noreferrer noopener\">forms.gle\/WTLJBc1zTy9gMeLD8,<\/a> en el que se proporcionar\u00e1 el nombre del creador o creadora, edad, identidad de g\u00e9nero, usuario de redes y enlace directo a la publicaci\u00f3n.<\/p>\n\n\n\n<p>Es importante mencionar que los videos cortos deber\u00e1n ser de 15 segundos a 3 minutos, grabados en formato vertical (1080&#215;1920 px); a su vez, las canciones y cortometrajes, deber\u00e1n tener una duraci\u00f3n m\u00e1xima de 6 minutos, a trav\u00e9s de enlace en YouTube.<\/p>\n\n\n\n<p>Para ser consideradas, las obras deber\u00e1n estar en espa\u00f1ol o en cualquiera de las 68 lenguas ind\u00edgenas (con traducci\u00f3n) y abordar al menos uno de los siguientes ejes tem\u00e1ticos: Prevenci\u00f3n del consumo de sustancias psicoactivas; Consecuencias personales o sociales del uso de drogas y Promoci\u00f3n de una vida libre de adicciones.<\/p>\n\n\n\n<p>Las publicaciones con mayor n\u00famero de reacciones al 3 de agosto de 2025 ser\u00e1n evaluadas por un jurado integrado por artistas, especialistas y servidores p\u00fablicos. Se elegir\u00e1n hasta cinco obras por categor\u00eda y los resultados se publicar\u00e1n el 8 de agosto de 2025 en culturacomunitaria.cultura.gob.mx<\/p>\n\n\n\n<p>Las obras ganadoras se integrar\u00e1n a la campa\u00f1a nacional y recibir\u00e1n en reconocimiento:<\/p>\n\n\n\n<ul class=\"wp-block-list\">\n<li>Cortometraje: acceso a postproducci\u00f3n en Estudios Churubusco y vale para cursos en el CCC.<\/li>\n\n\n\n<li>Canci\u00f3n: grabaci\u00f3n profesional en Estudios Churubusco Azteca.<\/li>\n\n\n\n<li>Todas las categor\u00edas: acceso a cursos de especializaci\u00f3n y clases maestras (<em>masterclass)<\/em>\u00a0con artistas reconocidos.<\/li>\n<\/ul>\n\n\n\n<p>Consulta las bases completas y especificaciones t\u00e9cnicas para cada material en culturacomunitaria.cultura.gob.mx y en las redes de la Direcci\u00f3n General de Vinculaci\u00f3n Cultural: Facebook y X: @VinculaCultura.<\/p>\n","protected":false},"excerpt":{"rendered":"<p>La Secretar\u00eda de Cultura del Gobierno de M\u00e9xico, a trav\u00e9s de la Direcci\u00f3n General de Vinculaci\u00f3n Cultural, convoca al concurso nacional de creaci\u00f3n art\u00edstica y contenidos digitales \u201cElige ser feliz. Por la paz y contra las adicciones\u201d. Como su nombre lo indica, y en l\u00ednea con la estrategia del Gobierno de M\u00e9xico \u201cPor la paz [&hellip;]<\/p>\n","protected":false},"author":1,"featured_media":52064,"comment_status":"open","ping_status":"open","sticky":false,"template":"","format":"standard","meta":{"advanced_seo_description":"","jetpack_seo_html_title":"","jetpack_seo_noindex":false,"footnotes":"","jetpack_publicize_message":"","jetpack_is_tweetstorm":false,"jetpack_publicize_feature_enabled":true,"jetpack_social_post_already_shared":true,"jetpack_social_options":{"image_generator_settings":{"template":"highway","enabled":false}}},"categories":[26],"tags":[],"class_list":["post-52063","post","type-post","status-publish","format-standard","has-post-thumbnail","hentry","category-cultura"],"jetpack_publicize_connections":[],"jetpack_featured_media_url":"https:\/\/elcensornoticias.com\/wp-content\/uploads\/2025\/06\/original-E44BCF62-E41F-4350-B7DF-9F52432871B5.jpeg","jetpack_likes_enabled":true,"jetpack_sharing_enabled":true,"jetpack_shortlink":"https:\/\/wp.me\/p6xy50-dxJ","_links":{"self":[{"href":"https:\/\/elcensornoticias.com\/index.php?rest_route=\/wp\/v2\/posts\/52063","targetHints":{"allow":["GET"]}}],"collection":[{"href":"https:\/\/elcensornoticias.com\/index.php?rest_route=\/wp\/v2\/posts"}],"about":[{"href":"https:\/\/elcensornoticias.com\/index.php?rest_route=\/wp\/v2\/types\/post"}],"author":[{"embeddable":true,"href":"https:\/\/elcensornoticias.com\/index.php?rest_route=\/wp\/v2\/users\/1"}],"replies":[{"embeddable":true,"href":"https:\/\/elcensornoticias.com\/index.php?rest_route=%2Fwp%2Fv2%2Fcomments&post=52063"}],"version-history":[{"count":1,"href":"https:\/\/elcensornoticias.com\/index.php?rest_route=\/wp\/v2\/posts\/52063\/revisions"}],"predecessor-version":[{"id":52065,"href":"https:\/\/elcensornoticias.com\/index.php?rest_route=\/wp\/v2\/posts\/52063\/revisions\/52065"}],"wp:featuredmedia":[{"embeddable":true,"href":"https:\/\/elcensornoticias.com\/index.php?rest_route=\/wp\/v2\/media\/52064"}],"wp:attachment":[{"href":"https:\/\/elcensornoticias.com\/index.php?rest_route=%2Fwp%2Fv2%2Fmedia&parent=52063"}],"wp:term":[{"taxonomy":"category","embeddable":true,"href":"https:\/\/elcensornoticias.com\/index.php?rest_route=%2Fwp%2Fv2%2Fcategories&post=52063"},{"taxonomy":"post_tag","embeddable":true,"href":"https:\/\/elcensornoticias.com\/index.php?rest_route=%2Fwp%2Fv2%2Ftags&post=52063"}],"curies":[{"name":"wp","href":"https:\/\/api.w.org\/{rel}","templated":true}]}}