{"id":52057,"date":"2025-06-17T22:19:40","date_gmt":"2025-06-17T22:19:40","guid":{"rendered":"http:\/\/elcensornoticias.com\/?p=52057"},"modified":"2025-06-17T22:19:49","modified_gmt":"2025-06-17T22:19:49","slug":"acreditada-vprg-contra-regidora-de-mazatecochco-tet","status":"publish","type":"post","link":"https:\/\/elcensornoticias.com\/?p=52057","title":{"rendered":"Acreditada VPRG contra regidora de Mazatecochco: TET"},"content":{"rendered":"\n<p>Por mayor\u00eda de votos, el Pleno del Tribunal Electoral de Tlaxcala (TET) dio por acreditada la comisi\u00f3n de Violencia Pol\u00edtica en Raz\u00f3n de G\u00e9nero (VPRG) en contra de la tercera regidora del municipio de Mazatecochco de Jos\u00e9 Mar\u00eda Morelos, quien promovi\u00f3 ante la autoridad jurisdiccional local el Juicio de la Ciudadan\u00eda identificado con el n\u00famero TET-JDC-045\/2025.<\/p>\n\n\n\n<p>La Magistrada Claudia Salvador Angel emiti\u00f3 un voto razonado, solo por lo que respecta a la presunta vulneraci\u00f3n a la libertad de expresi\u00f3n denunciada en el asunto, por considerar que no se cumple con el elemento de g\u00e9nero; en tanto que la Magistrada Esther Terova Cote, acompa\u00f1\u00f3 la propuesta, proponiendo integrar informaci\u00f3n sobre jurisprudencia y el razonamiento de acreditaci\u00f3n de la VPRG.<\/p>\n\n\n\n<p>En este asunto, en la cuenta presentada por la Ponencia del Magistrado Presidente, Miguel Nava Xochitiotzi, se explic\u00f3 que, se declararon como fundador diversos agravios como la omisi\u00f3n de convocar a la regidora debidamente a sesiones de Cabildo, pues las autoridades responsables, no anexaron la documentaci\u00f3n que conformaba los puntos del orden del d\u00eda y no justificaron esta deficiencia. Aunque las convocatorias eran realizadas por medios electr\u00f3nicos (como WhatsApp), no se acompa\u00f1aban de los documentos m\u00ednimos necesarios, lo que limit\u00f3 el ejercicio informado del cargo de la actora.<\/p>\n\n\n\n<p>Se constat\u00f3 que varias solicitudes presentadas por la actora, relativas a documentaci\u00f3n y recursos materiales, no fueron contestadas de manera eficaz, toda vez que, no se tuvo por acreditado que la actora haya tenido conocimiento de las mismas, ya que fueron contestadas por medio de estrados, lo que vulnera el derecho de petici\u00f3n, estrechamente vinculado al derecho al ejercicio del cargo.<\/p>\n\n\n\n<p>En cuanto a la omisi\u00f3n de otorgarle recursos materiales, se demostr\u00f3 que las autoridades no entregaron los insumos solicitados por la regidora, en raz\u00f3n de que el \u00e1rea de tesorer\u00eda debe realizar los tr\u00e1mites necesarios con tres d\u00edas de anticipaci\u00f3n y su petici\u00f3n la presentaron un d\u00eda antes de su evento, de ah\u00ed que se comprob\u00f3 que no fueron otorgados los recursos materiales en cuesti\u00f3n.<\/p>\n\n\n\n<p>En cuanto a la omisi\u00f3n de dar respuesta a la solicitud de materiales de oficina, las responsables reconocieron que no han dado contestaci\u00f3n debido a la carga de trabajo, sin embargo, realizar\u00edan la contestaci\u00f3n a la brevedad, misma que a la fecha de esta resoluci\u00f3n, no hab\u00eda sido remitida a la autoridad jurisdiccional.<\/p>\n\n\n\n<p>Se destac\u00f3 que, la falta de asignaci\u00f3n de los recursos materiales necesarios para el adecuado desempe\u00f1o de un cargo de elecci\u00f3n popular, afecta y restringe el debido ejercicio de las funciones de la promovente, lo que se tradujo flagrantemente en una afectaci\u00f3n directa al pleno ejercicio del cargo de elecci\u00f3n popular.<\/p>\n\n\n\n<p>As\u00ed, considerando el principio de progresividad como eje rector, se concluy\u00f3 que, tal omisi\u00f3n por parte de la autoridad responsable se tradujo en un detrimento de los derechos pol\u00edtico-electorales ya adquiridos por la quejosa, que son inherentes a su cargo.<\/p>\n\n\n\n<p>Respecto al se\u00f1alamiento de VPRG, se estim\u00f3 la existencia de esta, al calificarse que las conductas de las autoridades responsables constituyen violencia simb\u00f3lica, al invisibilizar su participaci\u00f3n dentro de las sesiones de cabildo.<\/p>\n\n\n\n<p>Adem\u00e1s, se consider\u00f3 que la presencia de elementos policiales al interior del cabildo, constituy\u00f3 una medida desproporcionada adoptada por el Presidente Municipal, que, lejos de garantizar el orden, tuvo como finalidad desincentivar la participaci\u00f3n de la tercera regidora en las sesiones, actuaci\u00f3n que se consider\u00f3 como una forma de intimidaci\u00f3n y amenaza, particularmente en un contexto donde no exist\u00eda justificaci\u00f3n alguna para tal despliegue de fuerza p\u00fablica.<\/p>\n\n\n\n<p>En consecuencia, se orden\u00f3 a las autoridades responsables que garanticen el ejercicio pleno y efectivo del cargo de la actora, espec\u00edficamente en lo relativo a convocatorias, recursos materiales y derecho de petici\u00f3n y se tuvo por acreditada la VPRG en perjuicio de la actora.<\/p>\n","protected":false},"excerpt":{"rendered":"<p>Por mayor\u00eda de votos, el Pleno del Tribunal Electoral de Tlaxcala (TET) dio por acreditada la comisi\u00f3n de Violencia Pol\u00edtica en Raz\u00f3n de G\u00e9nero (VPRG) en contra de la tercera regidora del municipio de Mazatecochco de Jos\u00e9 Mar\u00eda Morelos, quien promovi\u00f3 ante la autoridad jurisdiccional local el Juicio de la Ciudadan\u00eda identificado con el n\u00famero [&hellip;]<\/p>\n","protected":false},"author":1,"featured_media":52058,"comment_status":"open","ping_status":"open","sticky":false,"template":"","format":"standard","meta":{"advanced_seo_description":"","jetpack_seo_html_title":"","jetpack_seo_noindex":false,"footnotes":"","jetpack_publicize_message":"","jetpack_is_tweetstorm":false,"jetpack_publicize_feature_enabled":true,"jetpack_social_post_already_shared":true,"jetpack_social_options":{"image_generator_settings":{"template":"highway","enabled":false}}},"categories":[2,3],"tags":[],"class_list":["post-52057","post","type-post","status-publish","format-standard","has-post-thumbnail","hentry","category-destacadas","category-gobierno"],"jetpack_publicize_connections":[],"jetpack_featured_media_url":"https:\/\/elcensornoticias.com\/wp-content\/uploads\/2025\/06\/0616-Sesion-2-scaled.jpg","jetpack_likes_enabled":true,"jetpack_sharing_enabled":true,"jetpack_shortlink":"https:\/\/wp.me\/p6xy50-dxD","_links":{"self":[{"href":"https:\/\/elcensornoticias.com\/index.php?rest_route=\/wp\/v2\/posts\/52057","targetHints":{"allow":["GET"]}}],"collection":[{"href":"https:\/\/elcensornoticias.com\/index.php?rest_route=\/wp\/v2\/posts"}],"about":[{"href":"https:\/\/elcensornoticias.com\/index.php?rest_route=\/wp\/v2\/types\/post"}],"author":[{"embeddable":true,"href":"https:\/\/elcensornoticias.com\/index.php?rest_route=\/wp\/v2\/users\/1"}],"replies":[{"embeddable":true,"href":"https:\/\/elcensornoticias.com\/index.php?rest_route=%2Fwp%2Fv2%2Fcomments&post=52057"}],"version-history":[{"count":1,"href":"https:\/\/elcensornoticias.com\/index.php?rest_route=\/wp\/v2\/posts\/52057\/revisions"}],"predecessor-version":[{"id":52059,"href":"https:\/\/elcensornoticias.com\/index.php?rest_route=\/wp\/v2\/posts\/52057\/revisions\/52059"}],"wp:featuredmedia":[{"embeddable":true,"href":"https:\/\/elcensornoticias.com\/index.php?rest_route=\/wp\/v2\/media\/52058"}],"wp:attachment":[{"href":"https:\/\/elcensornoticias.com\/index.php?rest_route=%2Fwp%2Fv2%2Fmedia&parent=52057"}],"wp:term":[{"taxonomy":"category","embeddable":true,"href":"https:\/\/elcensornoticias.com\/index.php?rest_route=%2Fwp%2Fv2%2Fcategories&post=52057"},{"taxonomy":"post_tag","embeddable":true,"href":"https:\/\/elcensornoticias.com\/index.php?rest_route=%2Fwp%2Fv2%2Ftags&post=52057"}],"curies":[{"name":"wp","href":"https:\/\/api.w.org\/{rel}","templated":true}]}}