{"id":52050,"date":"2025-06-16T20:07:20","date_gmt":"2025-06-16T20:07:20","guid":{"rendered":"http:\/\/elcensornoticias.com\/?p=52050"},"modified":"2025-06-16T20:07:23","modified_gmt":"2025-06-16T20:07:23","slug":"en-la-ludoteca-chacuacos-fumarolas-de-agua","status":"publish","type":"post","link":"https:\/\/elcensornoticias.com\/?p=52050","title":{"rendered":"EN LA LUDOTECA \u201cCHACUACOS, FUMAROLAS DE AGUA\u201d"},"content":{"rendered":"\n<ul class=\"wp-block-list\">\n<li><strong>Con un enfoque comunitario y de cultura ambiental, el espacio ofrece una nutrida programaci\u00f3n<\/strong><\/li>\n<\/ul>\n\n\n\n<p>Bajo los principios del ejercicio pleno de los derecho culturales y ambientales, la Secretar\u00eda de Cultura del Gobierno de M\u00e9xico, a trav\u00e9s de la Direcci\u00f3n General de Vinculaci\u00f3n Cultural, el Sistema Creaci\u00f3n y la Coordinaci\u00f3n Nacional de Desarrollo Cultural Infantil \u2013 Alas y Ra\u00edces, en colaboraci\u00f3n con la Secretar\u00eda de Medio Ambiente (Sedema) del Gobierno de la Ciudad de M\u00e9xico, arranca actividades, el pr\u00f3ximo s\u00e1bado 21 de junio de 2025, la Ludoteca \u201cChacuacos, fumarolas de agua\u201d, que beneficia a la comunidad que habita y visita la zona poniente de la capital del pa\u00eds.<\/p>\n\n\n\n<p>El nombre del espacio \u2013ubicado en el Edificio \u201cG\u201d de la Ex F\u00e1brica de P\u00f3lvora en la Cuarta Secci\u00f3n del Bosque de Chapultepec\u2013 hace alusi\u00f3n a las emblem\u00e1ticas chimeneas de la antigua zona industrial. Lo que antes fue un sitio de producci\u00f3n y vapor, hoy se transforma en un lugar para la infancia, en el que esos objetos se resignifican como canales de imaginaci\u00f3n, juego y expresi\u00f3n para beb\u00e9s, ni\u00f1as y ni\u00f1os.<\/p>\n\n\n\n<p>As\u00ed, \u201cChacuacos, fumarolas de agua\u201d se convierte en un espacio de creatividad, convivencia comunitaria y exploraci\u00f3n art\u00edstica en libertad, en el que la lectura, la oralidad y la escritura conviven con otras disciplinas art\u00edsticas para promover la preservaci\u00f3n de la memoria y la valoraci\u00f3n del patrimonio cultural del entorno, desde un enfoque de cultura ambiental y desarrollo comunitario.<\/p>\n\n\n\n<p>Las actividades arrancan \u2013los d\u00edas s\u00e1bado 21 y domingo 22 de junio\u2013 con una programaci\u00f3n especial con eventos recreativos para ni\u00f1as, ni\u00f1os y p\u00fablico general.<\/p>\n\n\n\n<p>El s\u00e1bado se realizar\u00e1n talleres como \u201cColores al cielo\u201d con Abimael Gonz\u00e1lez, \u201cFarmacia viviente: mi botica verde\u201d y \u201cTisanas con historia\u201d, adem\u00e1s de sesiones de poes\u00eda, narraci\u00f3n oral y un concierto electro-jarocho a cargo del dueto Marrasa.<\/p>\n\n\n\n<p>Al d\u00eda siguiente, continuar\u00e1n los talleres ambientales con propuestas como \u201cNaturaleza en miniatura: dise\u00f1a tu terrario\u201d e \u201cIntroducci\u00f3n a los huertos urbanos\u201d, y la narraci\u00f3n \u201c\u00a1Un, dos, tres\u2026VACACIONES!\u201d. Todas las actividades est\u00e1n pensadas para estimular la imaginaci\u00f3n y el v\u00ednculo comunitario.<\/p>\n\n\n\n<p>La programaci\u00f3n invita a vivir el arte y el juego como experiencias colectivas, as\u00ed como para fortalecer el v\u00ednculo de la poblaci\u00f3n del poniente de la capital del pa\u00eds, con su entorno natural y cultural, integrar un enfoque ambiental y biocultural en la vida cotidiana, promover la valoraci\u00f3n del patrimonio local y la participaci\u00f3n comunitaria.<\/p>\n\n\n\n<p><strong>M\u00e1s bosque para m\u00e1s personas<\/strong><\/p>\n\n\n\n<p>La Ex F\u00e1brica de P\u00f3lvora se encuentra en la Cuarta Secci\u00f3n del Bosque de Chapultepec (antiguo Campo Militar 1F), en la colonia Lomas de Santa Fe. La construcci\u00f3n del edificio hist\u00f3rico inici\u00f3 en 1779 y se inaugur\u00f3 en 1782; para el siglo XIX era un complejo que inclu\u00eda calderas, hornos, oficinas, granero, molinos, viviendas para trabajadores, establos y hasta capilla. La Secretar\u00eda de la Defensa Nacional (Sedena) cedi\u00f3 el espacio para que se convirtiera en un \u00e1rea cultural para el beneficio de toda la poblaci\u00f3n.<\/p>\n\n\n\n<p><a><\/a>Una de las mejores formas de llegar es a trav\u00e9s de la L\u00ednea 3 del Cableb\u00fas, ya que se encuentra cerca de la estaci\u00f3n Vasco de Quiroga; el acceso peatonal es por la entrada al Campo Militar N.\u00ba 1-F, ubicado en la calle Bandera, esquina Vasco de Quiroga.<\/p>\n\n\n\n<p>El horario de visita es de mi\u00e9rcoles a viernes, de 11:00 a 18:00 h, y s\u00e1bados y domingos, de 10:00 a 16:00 h.<\/p>\n\n\n\n<p>Sigue las redes sociales de la Secretar\u00eda de Cultura en X (@cultura_mx), Facebook (\/SecretariaCulturaMX) e Instagram (@culturamx).<\/p>\n\n\n\n<p><\/p>\n","protected":false},"excerpt":{"rendered":"<p>Bajo los principios del ejercicio pleno de los derecho culturales y ambientales, la Secretar\u00eda de Cultura del Gobierno de M\u00e9xico, a trav\u00e9s de la Direcci\u00f3n General de Vinculaci\u00f3n Cultural, el Sistema Creaci\u00f3n y la Coordinaci\u00f3n Nacional de Desarrollo Cultural Infantil \u2013 Alas y Ra\u00edces, en colaboraci\u00f3n con la Secretar\u00eda de Medio Ambiente (Sedema) del Gobierno [&hellip;]<\/p>\n","protected":false},"author":1,"featured_media":52051,"comment_status":"open","ping_status":"open","sticky":false,"template":"","format":"standard","meta":{"advanced_seo_description":"","jetpack_seo_html_title":"","jetpack_seo_noindex":false,"footnotes":"","jetpack_publicize_message":"","jetpack_is_tweetstorm":false,"jetpack_publicize_feature_enabled":true,"jetpack_social_post_already_shared":true,"jetpack_social_options":{"image_generator_settings":{"template":"highway","enabled":false}}},"categories":[26],"tags":[],"class_list":["post-52050","post","type-post","status-publish","format-standard","has-post-thumbnail","hentry","category-cultura"],"jetpack_publicize_connections":[],"jetpack_featured_media_url":"https:\/\/elcensornoticias.com\/wp-content\/uploads\/2025\/06\/ecard-Ludoteca-Chacuacos.jpeg","jetpack_likes_enabled":true,"jetpack_sharing_enabled":true,"jetpack_shortlink":"https:\/\/wp.me\/p6xy50-dxw","_links":{"self":[{"href":"https:\/\/elcensornoticias.com\/index.php?rest_route=\/wp\/v2\/posts\/52050","targetHints":{"allow":["GET"]}}],"collection":[{"href":"https:\/\/elcensornoticias.com\/index.php?rest_route=\/wp\/v2\/posts"}],"about":[{"href":"https:\/\/elcensornoticias.com\/index.php?rest_route=\/wp\/v2\/types\/post"}],"author":[{"embeddable":true,"href":"https:\/\/elcensornoticias.com\/index.php?rest_route=\/wp\/v2\/users\/1"}],"replies":[{"embeddable":true,"href":"https:\/\/elcensornoticias.com\/index.php?rest_route=%2Fwp%2Fv2%2Fcomments&post=52050"}],"version-history":[{"count":1,"href":"https:\/\/elcensornoticias.com\/index.php?rest_route=\/wp\/v2\/posts\/52050\/revisions"}],"predecessor-version":[{"id":52052,"href":"https:\/\/elcensornoticias.com\/index.php?rest_route=\/wp\/v2\/posts\/52050\/revisions\/52052"}],"wp:featuredmedia":[{"embeddable":true,"href":"https:\/\/elcensornoticias.com\/index.php?rest_route=\/wp\/v2\/media\/52051"}],"wp:attachment":[{"href":"https:\/\/elcensornoticias.com\/index.php?rest_route=%2Fwp%2Fv2%2Fmedia&parent=52050"}],"wp:term":[{"taxonomy":"category","embeddable":true,"href":"https:\/\/elcensornoticias.com\/index.php?rest_route=%2Fwp%2Fv2%2Fcategories&post=52050"},{"taxonomy":"post_tag","embeddable":true,"href":"https:\/\/elcensornoticias.com\/index.php?rest_route=%2Fwp%2Fv2%2Ftags&post=52050"}],"curies":[{"name":"wp","href":"https:\/\/api.w.org\/{rel}","templated":true}]}}