{"id":52037,"date":"2025-06-16T18:11:49","date_gmt":"2025-06-16T18:11:49","guid":{"rendered":"http:\/\/elcensornoticias.com\/?p=52037"},"modified":"2025-06-16T18:12:03","modified_gmt":"2025-06-16T18:12:03","slug":"jornada-nacional-por-la-paz-y-contra-las-adicciones-reune-a-mas-de-450-asistentes-en-teolocholco","status":"publish","type":"post","link":"https:\/\/elcensornoticias.com\/?p=52037","title":{"rendered":"JORNADA NACIONAL POR LA PAZ Y CONTRA LAS ADICCIONES RE\u00daNE A M\u00c1S DE 450 ASISTENTES EN TEOLOCHOLCO"},"content":{"rendered":"\n<p>El pasado fin de semana se llev\u00f3 a cabo la Jornada Nacional por la Paz y Contra las Adicciones en la Secundaria General \u201cJuan Cuamatzi\u201d, ubicada en el municipio de Teolocholco, con la participaci\u00f3n de m\u00e1s de 450 asistentes, entre estudiantes, docentes y autoridades educativas.<\/p>\n\n\n\n<p>Esta jornada, impulsada como parte de la estrategia nacional para la construcci\u00f3n de la paz y la prevenci\u00f3n del consumo de sustancias entre adolescentes, incluy\u00f3 actividades acad\u00e9micas, deportivas y culturales, que fomentan entornos escolares saludables y libres de violencia.<\/p>\n\n\n\n<p>En el evento, el Titular de la Oficina de Enlace Educativo en Tlaxcala, Jos\u00e9 Luis Garrido Cruz, reconoci\u00f3 la importancia de articular esfuerzos para proteger a ni\u00f1as, ni\u00f1os y adolescentes de los riesgos que representan las adicciones.<\/p>\n\n\n\n<p>\u00abEstos espacios nos permiten acercarnos a las juventudes, escucharlas, orientarlas y sembrar en ellas la semilla de la paz. La educaci\u00f3n es nuestro escudo m\u00e1s fuerte frente a las adicciones\u00bb, expres\u00f3 durante su intervenci\u00f3n.<\/p>\n\n\n\n<p>Asimismo, en la actividad se cont\u00f3 con la participaci\u00f3n el Secretario de Educaci\u00f3n P\u00fablica del Estado y Director General de la USET, Homero Meneses Hern\u00e1ndez, y con la asistencia de autoridades como Alma Rosa Sampedro Reyes, Directora de Educaci\u00f3n B\u00e1sica; Rub\u00ed Flores Sol\u00eds, Jefa del Departamento de Educaci\u00f3n Secundaria General; Valent\u00edn Mel\u00e9ndez Tecuapacho, presidente municipal de Teolocholco; y Kritsbey P\u00e9rez Flores, presidenta municipal de San Francisco Tetlanohcan.<\/p>\n\n\n\n<p>La jornada reafirm\u00f3 el compromiso del sector educativo con la formaci\u00f3n integral del alumnado y la creaci\u00f3n de ambientes seguros, colaborativos y conscientes.<\/p>\n","protected":false},"excerpt":{"rendered":"<p>El pasado fin de semana se llev\u00f3 a cabo la Jornada Nacional por la Paz y Contra las Adicciones en la Secundaria General \u201cJuan Cuamatzi\u201d, ubicada en el municipio de Teolocholco, con la participaci\u00f3n de m\u00e1s de 450 asistentes, entre estudiantes, docentes y autoridades educativas. Esta jornada, impulsada como parte de la estrategia nacional para [&hellip;]<\/p>\n","protected":false},"author":1,"featured_media":52038,"comment_status":"open","ping_status":"open","sticky":false,"template":"","format":"standard","meta":{"advanced_seo_description":"","jetpack_seo_html_title":"","jetpack_seo_noindex":false,"footnotes":"","jetpack_publicize_message":"","jetpack_is_tweetstorm":false,"jetpack_publicize_feature_enabled":true,"jetpack_social_post_already_shared":true,"jetpack_social_options":{"image_generator_settings":{"template":"highway","enabled":false}}},"categories":[2,28],"tags":[],"class_list":["post-52037","post","type-post","status-publish","format-standard","has-post-thumbnail","hentry","category-destacadas","category-educacion"],"jetpack_publicize_connections":[],"jetpack_featured_media_url":"https:\/\/elcensornoticias.com\/wp-content\/uploads\/2025\/06\/WhatsApp-Image-2025-06-16-at-11.35.07-AM-1.jpeg","jetpack_likes_enabled":true,"jetpack_sharing_enabled":true,"jetpack_shortlink":"https:\/\/wp.me\/p6xy50-dxj","_links":{"self":[{"href":"https:\/\/elcensornoticias.com\/index.php?rest_route=\/wp\/v2\/posts\/52037","targetHints":{"allow":["GET"]}}],"collection":[{"href":"https:\/\/elcensornoticias.com\/index.php?rest_route=\/wp\/v2\/posts"}],"about":[{"href":"https:\/\/elcensornoticias.com\/index.php?rest_route=\/wp\/v2\/types\/post"}],"author":[{"embeddable":true,"href":"https:\/\/elcensornoticias.com\/index.php?rest_route=\/wp\/v2\/users\/1"}],"replies":[{"embeddable":true,"href":"https:\/\/elcensornoticias.com\/index.php?rest_route=%2Fwp%2Fv2%2Fcomments&post=52037"}],"version-history":[{"count":1,"href":"https:\/\/elcensornoticias.com\/index.php?rest_route=\/wp\/v2\/posts\/52037\/revisions"}],"predecessor-version":[{"id":52039,"href":"https:\/\/elcensornoticias.com\/index.php?rest_route=\/wp\/v2\/posts\/52037\/revisions\/52039"}],"wp:featuredmedia":[{"embeddable":true,"href":"https:\/\/elcensornoticias.com\/index.php?rest_route=\/wp\/v2\/media\/52038"}],"wp:attachment":[{"href":"https:\/\/elcensornoticias.com\/index.php?rest_route=%2Fwp%2Fv2%2Fmedia&parent=52037"}],"wp:term":[{"taxonomy":"category","embeddable":true,"href":"https:\/\/elcensornoticias.com\/index.php?rest_route=%2Fwp%2Fv2%2Fcategories&post=52037"},{"taxonomy":"post_tag","embeddable":true,"href":"https:\/\/elcensornoticias.com\/index.php?rest_route=%2Fwp%2Fv2%2Ftags&post=52037"}],"curies":[{"name":"wp","href":"https:\/\/api.w.org\/{rel}","templated":true}]}}