{"id":52034,"date":"2025-06-16T18:09:40","date_gmt":"2025-06-16T18:09:40","guid":{"rendered":"http:\/\/elcensornoticias.com\/?p=52034"},"modified":"2025-06-16T18:09:43","modified_gmt":"2025-06-16T18:09:43","slug":"primer-encuentro-de-arte-decorativo-y-utilitario","status":"publish","type":"post","link":"https:\/\/elcensornoticias.com\/?p=52034","title":{"rendered":"PRIMER ENCUENTRO DE ARTE DECORATIVO Y UTILITARIO"},"content":{"rendered":"\n<ul class=\"wp-block-list\">\n<li><strong>Del 12 al 15 de junio de 2025 se recibieron\u00a0m\u00e1s de 60 mil personas<\/strong><\/li>\n\n\n\n<li><strong>Las y los artesanos que se dieron cita reportan un nivel de venta favorable y algunos levantaron el letrero de \u201cTodo vendido\u201d<\/strong><\/li>\n<\/ul>\n\n\n\n<p>Del 12 al 15 de junio de 2025, el Complejo Cultural Los Pinos se convirti\u00f3 en el epicentro del arte popular mexicano, con la primera edici\u00f3n de \u201cORIGINAL. Encuentro de Arte Decorativo y Utilitario\u201d. Durante cuatro d\u00edas, m\u00e1s de 60 mil visitantes vieron, conocieron y adquirieron directamente, sin intermediarios, el trabajo de 247 artesanas y artesanos de 28 entidades del pa\u00eds.<\/p>\n\n\n\n<p>Algunas artesanas y artesanos levantaron el letrero de \u201cTodo vendido\u201d en sus espacios, pues acabaron con todo lo que trajeron para venta; incluso, antes de la jornada final, como Alcibidiades Camilo Altamirano de San Agust\u00edn Oapan, Guerrero, quien vendi\u00f3 su \u00faltima pieza el s\u00e1bado por la tarde. \u201cNo conoc\u00eda ORIGINAL, es la primera vez que vengo porque traje solo 40 piezas, vengo de una feria en Ixtapan y no vend\u00ed, pens\u00e9 que ac\u00e1 tampoco pasar\u00eda, pero ya acab\u00e9 lo que traje\u201d, coment\u00f3, al tiempo que otro artesano lleg\u00f3 a felicitarla con un abrazo.<\/p>\n\n\n\n<p>Otro caso es el de Eulalia Gallardo Hern\u00e1ndez, de Santa Mar\u00eda Tlahuitoltepec, Oaxaca \u2013quien a diferencia de la mayor\u00eda de las personas artesanas que heredan su arte por l\u00ednea materna o paterna, aprendi\u00f3 a trabajar la alfarer\u00eda mixe con su suegra\u2013. \u201cNo me puedo quejar, he vendido bien, traje tres cajas llenas (de c\u00e1ntaros, candelabros, vasos, figuras de b\u00fahos y vasitos mezcaleros) y ya vend\u00ed dos cajas y la tercera va avanzada\u201d, dijo el s\u00e1bado.<\/p>\n\n\n\n<p>En el primer \u201cORIGINAL. Encuentro de Arte Decorativo y Utilitario\u201d se exhibieron piezas \u00fanicas que combinan funcionalidad, est\u00e9tica y saberes ancestrales, representando once ramas artesanales: alfarer\u00eda y cer\u00e1mica, fibras vegetales, madera, textiles, metalister\u00eda, maque y laca, lapidaria y canter\u00eda, cartoner\u00eda y papel, vidrio y arte wix\u00e1rika, repartidas en siete casas.<\/p>\n\n\n\n<p>La distribuci\u00f3n permiti\u00f3 al p\u00fablico espacios adecuados para conocer de cerca el trabajo de las y los creadores, hablar con ellas y ellos, entender, de su propia voz la complejidad y profundidad que conlleva su creaci\u00f3n y adquirir sus obras sin intermediarios, al tiempo que se reforz\u00f3 el lema de \u201cNo al regateo\u201d.<\/p>\n\n\n\n<p>Desde Morelia, las hermanas Andrea y Susana Torres visitaron ORIGINAL por primera vez. Llegaron muy temprano y fueron de las \u00faltimas en salir: \u201cNo nos hemos cansado de ver y caminar, quisi\u00e9ramos comprar m\u00e1s, pero nos vamos llenas de todo los hermoso que hemos visto. Hemos aprendido tanto, aqu\u00ed entiendes que cada cosa hecha vale lo que cuesta\u201d, dice Andrea. \u201cUna artesan\u00eda que nos fascin\u00f3 es una cesta de palma del maestro Gonzalo Rodr\u00edguez Ger\u00f3nimo, quien dio el taller Tejiendo recuerdos. \u00a1Qu\u00e9 b\u00e1rbaro! Es un trabajo hermoso\u201d.<\/p>\n\n\n\n<p>Entre las artesanas y los artesanos&nbsp;se dieron cita integrantes de 200 colectivos, representantes de m\u00e1s de mil 500 creadoras y creadores. Desde Amatenango del Valle, Chiapas, la tierra que vio nacer a los jaguares de barro, \u00c1ngela L\u00f3pez P\u00e9rez trajo cacerolas, palomas, gallos y jaguares de diferentes tama\u00f1os que fueron hechos por las manos de diez mujeres que integran el colectivo Cer\u00e1mica Cielo: \u201cNo solo yo estoy vendiendo, sino que todo mi grupo, traigo su mercanc\u00eda para que as\u00ed mejoremos todas\u201d.<\/p>\n\n\n\n<p>Durante los cuatro d\u00edas estuvieron&nbsp;representados 23 pueblos ind\u00edgenas, con 140 personas artesanas, de las cuales 105 son hablantes de alguna lengua ind\u00edgena. La diversidad geogr\u00e1fica fue notable, 28 entidades federativas con 140 municipios y 177 localidades estuvieron presentes a trav\u00e9s de las piezas artesanales y sus creadores y creadoras.<\/p>\n\n\n\n<p><strong>Talleres para chicos y grandes<\/strong><\/p>\n\n\n\n<p>Para fortalecer el intercambio de saberes, se impartieron seis sesiones de capacitaci\u00f3n, entre talleres, cursos y conferencias, a un total de 273 artesanas y artesanos.<\/p>\n\n\n\n<p>Originaria de Jalpan de Serra, Quer\u00e9taro, Vicenta Hern\u00e1ndez de la Cruz, naci\u00f3 en una familia de tejedores de palma. Recuerda que cuando ten\u00eda cinco a\u00f1os, ve\u00eda a su mam\u00e1 hacer figuras con la palma y le emocionaba mucho aprender. Es una mujer joven que considera que \u201cla innovaci\u00f3n es lo de hoy\u201d o al menos esta idea es la que le queda despu\u00e9s de las capacitaciones: \u201cMe llevo la tarea de pensar c\u00f3mo puedo mejorar el trabajo que aprend\u00ed desde ni\u00f1a. Aqu\u00ed nos mostraron que las ideas al hacer una artesan\u00eda pueden cambiar desde nosotros, por ejemplo, los cochinitos, las cajitas, todo eso que se hace en Jalpan, eso no tiene que ser igual siempre, puedo mejorarlo\u201d, coment\u00f3.<\/p>\n\n\n\n<p>Adem\u00e1s, el encuentro fue escenario de 49 actividades del programa<em>Escuincles<\/em>, entre talleres, narraciones, juegos tradicionales, funciones de m\u00fasica, entre otros, para primeras infancias, ni\u00f1as, ni\u00f1os y adolescentes.<\/p>\n\n\n\n<p>Al t\u00e9rmino del taller de barro, en el que ni\u00f1as y ni\u00f1os modelaron un jaguar como los de Amatenango del Valle, con la gu\u00eda de la maestra artesana \u00c1ngela L\u00f3pez, se escucha a una mam\u00e1 muy emocionada porque Elena, su hija, llega con una figura de barro crudo, que aparenta ser un felino echado, montada sobre una base dura de papel. Le pregunta sobre su participaci\u00f3n en la actividad y Elena le dice que \u201cfue divertido\u201d que hizo \u201ccosas raras\u201d (meter las manos al agua y amasar el barro) y que \u201cla&nbsp;<em>miss<\/em>&nbsp;me ayudo un poquito\u201d.<\/p>\n\n\n\n<p>Con gran \u00e9xito se desarrollaron seis talleres de&nbsp;<em>Nanas y Tatas<\/em>, para personas mayores de 60 a\u00f1os, en los que maestros y maestras artesanas ense\u00f1aron a las y los participantes t\u00e9cnicas artesanales como deshilado, corte y ensamblado de l\u00e1mina, raspado y rallado del atecomatl (calabaza), entre otros trabajos ancestrales. Acompa\u00f1ada de su hija Estefan\u00eda, Eva Ram\u00edrez lleg\u00f3 a ORIGINAL para tomar un taller de la rama metalister\u00eda en el que les ense\u00f1ar\u00e1n a hacer estrellas decorativas como las de San Miguel de Allende, Guanajuato.<\/p>\n\n\n\n<p>Para toda la familia el Jard\u00edn ORIGINAL se mantuvo muy activo con once actividades esc\u00e9nicas de danza, teatro, m\u00fasica y multidisciplina de los estados de Guerrero, Morelos, Puebla y Veracruz; cuando la lluvia amainaba, las presentaciones se trasladaron a la Casa de Barro II (Cancha de Tenis).<\/p>\n\n\n\n<p>La participaci\u00f3n de cocineras tradicionales en las Cocinas de humo permiti\u00f3 al p\u00fablico disfrutar de la cultura alimentaria de diversas regiones del pa\u00eds, para completar&nbsp;la oferta cultural del evento. Estefan\u00eda y su mam\u00e1 descansaban sentadas a orillas del Jard\u00edn, con \u201cuna deliciosa agua de maracuy\u00e1, sin az\u00facar que est\u00e1 riqu\u00edsima. Y yo, una de frutos rojos, pero aparte tiene manzana, pitaya, cereza, est\u00e1 muy sabrosa y son de aqu\u00ed, de San Gregorio Atlapulco, por Xochimilco, pero tambi\u00e9n recomendamos mucho las cocinas, comimos tlayudas de Oaxaca, tamales, queso, verdolagas, atole de guayaba y atole de maracuy\u00e1\u201d.<\/p>\n\n\n\n<p>Despu\u00e9s de caminar durante m\u00e1s de tres horas entre las casas, Adriana Olvera y Hubert, cargados con un juego de tazas de Aguascalientes hechas con madera de tzalam y velas de cera de Tlayacapan, coinciden en la selecci\u00f3n de piezas tiene una \u201ccalidad muy alta, y lo coment\u00e1bamos, que se ve una din\u00e1mica de artesan\u00edas muy diversa. La juventud ah\u00ed est\u00e1 empujando de manera incre\u00edble, con mucha imaginaci\u00f3n est\u00e1n haciendo cosas incre\u00edbles. Es una artesan\u00eda muy din\u00e1mica y viva\u201d.<\/p>\n\n\n\n<p>Las y los j\u00f3venes aprenden el oficio e imprimen su sello, coment\u00f3 Galileo Danny Mauricio Flores, un joven artesano de San Salvador Huixcolotla, Puebla, que acompa\u00f1\u00f3 a su pap\u00e1, Danny Pedro Mauricio Bonilla, de quien hered\u00f3 el amor por el papel picado y la t\u00e9cnica para trabajarlo: \u201cMi pap\u00e1 ha creado un legado, considero que no se debe perder. Es tambi\u00e9n nuestro sustento, es un trabajo familiar. A los 10, 11 a\u00f1os, empec\u00e9 a ayudar pegando hilos, ayudando en lo poco que pod\u00eda aprender en ese momento. Y pues bueno, con el tiempo uno va aprendiendo y va mejorando\u201d, afirm\u00f3.<\/p>\n\n\n\n<p>De las figuras tradicionales de picos y catrinas que hac\u00edan el pap\u00e1 de Danny Pedro y abuelo de Galileo Danny desde mediados del siglo pasado, ahora exploran otras figuras como una calavera con cola de sirena y alas de mariposa que, dice Danny Pedro, se inspira en los nahuales.<\/p>\n\n\n\n<p>Con la primera edici\u00f3n de&nbsp;\u201cORIGINAL. Encuentro de Arte Decorativo y Utilitario\u201d se reafirma el compromiso del Gobierno de M\u00e9xico, a trav\u00e9s de la Secretar\u00eda de Cultura, con la preservaci\u00f3n de t\u00e9cnicas ancestrales, el comercio justo y la transmisi\u00f3n de saberes a nuevas generaciones.<\/p>\n","protected":false},"excerpt":{"rendered":"<p>Del 12 al 15 de junio de 2025, el Complejo Cultural Los Pinos se convirti\u00f3 en el epicentro del arte popular mexicano, con la primera edici\u00f3n de \u201cORIGINAL. Encuentro de Arte Decorativo y Utilitario\u201d. Durante cuatro d\u00edas, m\u00e1s de 60 mil visitantes vieron, conocieron y adquirieron directamente, sin intermediarios, el trabajo de 247 artesanas y [&hellip;]<\/p>\n","protected":false},"author":1,"featured_media":52035,"comment_status":"open","ping_status":"open","sticky":false,"template":"","format":"standard","meta":{"advanced_seo_description":"","jetpack_seo_html_title":"","jetpack_seo_noindex":false,"footnotes":"","jetpack_publicize_message":"","jetpack_is_tweetstorm":false,"jetpack_publicize_feature_enabled":true,"jetpack_social_post_already_shared":true,"jetpack_social_options":{"image_generator_settings":{"template":"highway","enabled":false}}},"categories":[26],"tags":[],"class_list":["post-52034","post","type-post","status-publish","format-standard","has-post-thumbnail","hentry","category-cultura"],"jetpack_publicize_connections":[],"jetpack_featured_media_url":"https:\/\/elcensornoticias.com\/wp-content\/uploads\/2025\/06\/PHOTO-2025-06-16-10-29-101.jpg","jetpack_likes_enabled":true,"jetpack_sharing_enabled":true,"jetpack_shortlink":"https:\/\/wp.me\/p6xy50-dxg","_links":{"self":[{"href":"https:\/\/elcensornoticias.com\/index.php?rest_route=\/wp\/v2\/posts\/52034","targetHints":{"allow":["GET"]}}],"collection":[{"href":"https:\/\/elcensornoticias.com\/index.php?rest_route=\/wp\/v2\/posts"}],"about":[{"href":"https:\/\/elcensornoticias.com\/index.php?rest_route=\/wp\/v2\/types\/post"}],"author":[{"embeddable":true,"href":"https:\/\/elcensornoticias.com\/index.php?rest_route=\/wp\/v2\/users\/1"}],"replies":[{"embeddable":true,"href":"https:\/\/elcensornoticias.com\/index.php?rest_route=%2Fwp%2Fv2%2Fcomments&post=52034"}],"version-history":[{"count":1,"href":"https:\/\/elcensornoticias.com\/index.php?rest_route=\/wp\/v2\/posts\/52034\/revisions"}],"predecessor-version":[{"id":52036,"href":"https:\/\/elcensornoticias.com\/index.php?rest_route=\/wp\/v2\/posts\/52034\/revisions\/52036"}],"wp:featuredmedia":[{"embeddable":true,"href":"https:\/\/elcensornoticias.com\/index.php?rest_route=\/wp\/v2\/media\/52035"}],"wp:attachment":[{"href":"https:\/\/elcensornoticias.com\/index.php?rest_route=%2Fwp%2Fv2%2Fmedia&parent=52034"}],"wp:term":[{"taxonomy":"category","embeddable":true,"href":"https:\/\/elcensornoticias.com\/index.php?rest_route=%2Fwp%2Fv2%2Fcategories&post=52034"},{"taxonomy":"post_tag","embeddable":true,"href":"https:\/\/elcensornoticias.com\/index.php?rest_route=%2Fwp%2Fv2%2Ftags&post=52034"}],"curies":[{"name":"wp","href":"https:\/\/api.w.org\/{rel}","templated":true}]}}