{"id":52027,"date":"2025-06-16T17:56:38","date_gmt":"2025-06-16T17:56:38","guid":{"rendered":"http:\/\/elcensornoticias.com\/?p=52027"},"modified":"2025-06-16T17:56:41","modified_gmt":"2025-06-16T17:56:41","slug":"san-rafael-tepatlaxco-celebra-su-490-aniversario","status":"publish","type":"post","link":"https:\/\/elcensornoticias.com\/?p=52027","title":{"rendered":"San Rafael Tepatlaxco celebra su 490 aniversario"},"content":{"rendered":"\n<p>Con gran participaci\u00f3n ciudadana y un ambiente de alegr\u00eda, culminaron con \u00e9xito las actividades conmemorativas por el 490 aniversario de la fundaci\u00f3n de la comunidad de San Rafael Tepatlaxco, un lugar lleno de historia, cultura y tradici\u00f3n.<\/p>\n\n\n\n<p>El presidente de comunidad, Jos\u00e9 Luis Pilotzi, destac\u00f3 que estas actividades fortalecieron el sentido de identidad y pertenencia entre las y los habitantes, gracias al trabajo conjunto con el Ayuntamiento de Chiautempan, que encabeza la presidenta municipal Blanca Angulo Meneses. A trav\u00e9s de \u00e1reas como Turismo, Concertaci\u00f3n Pol\u00edtica y Cultura, se fomentan y apoyan las actividades que dan identidad al municipio.<\/p>\n\n\n\n<p>Durante los d\u00edas del 10 al 14 de junio, se llevaron a cabo expo-ventas artesanales, conferencias, presentaci\u00f3n de libro, intervenciones de cronistas e invitados de distintos municipios de Tlaxcala y Puebla, as\u00ed como piezas de danza, relatos orales, cuentos y leyendas que conectaron con las ra\u00edces m\u00e1s profundas de la comunidad.<\/p>\n\n\n\n<p>De manera especial, se reconoci\u00f3 el valioso aporte del cronista de la comunidad, Mauricio Flores Pilotzi, principal organizador, orgulloso vecino de la comunidad quien ha dedicado un trabajo importante para enaltecer la memoria colectiva de San Rafael Tepatlaxco, reforzar el orgullo por su legado hist\u00f3rico y fomentar los lazos de hermanamiento con las otras comunidades del municipio de Chiautempan.<\/p>\n","protected":false},"excerpt":{"rendered":"<p>Con gran participaci\u00f3n ciudadana y un ambiente de alegr\u00eda, culminaron con \u00e9xito las actividades conmemorativas por el 490 aniversario de la fundaci\u00f3n de la comunidad de San Rafael Tepatlaxco, un lugar lleno de historia, cultura y tradici\u00f3n. El presidente de comunidad, Jos\u00e9 Luis Pilotzi, destac\u00f3 que estas actividades fortalecieron el sentido de identidad y pertenencia [&hellip;]<\/p>\n","protected":false},"author":1,"featured_media":52028,"comment_status":"open","ping_status":"open","sticky":false,"template":"","format":"standard","meta":{"advanced_seo_description":"","jetpack_seo_html_title":"","jetpack_seo_noindex":false,"footnotes":"","jetpack_publicize_message":"","jetpack_is_tweetstorm":false,"jetpack_publicize_feature_enabled":true,"jetpack_social_post_already_shared":true,"jetpack_social_options":{"image_generator_settings":{"template":"highway","enabled":false}}},"categories":[2,10],"tags":[],"class_list":["post-52027","post","type-post","status-publish","format-standard","has-post-thumbnail","hentry","category-destacadas","category-municipios"],"jetpack_publicize_connections":[],"jetpack_featured_media_url":"https:\/\/elcensornoticias.com\/wp-content\/uploads\/2025\/06\/d0e298af-6ff0-4aea-8104-815baab8114b.jpeg","jetpack_likes_enabled":true,"jetpack_sharing_enabled":true,"jetpack_shortlink":"https:\/\/wp.me\/p6xy50-dx9","_links":{"self":[{"href":"https:\/\/elcensornoticias.com\/index.php?rest_route=\/wp\/v2\/posts\/52027","targetHints":{"allow":["GET"]}}],"collection":[{"href":"https:\/\/elcensornoticias.com\/index.php?rest_route=\/wp\/v2\/posts"}],"about":[{"href":"https:\/\/elcensornoticias.com\/index.php?rest_route=\/wp\/v2\/types\/post"}],"author":[{"embeddable":true,"href":"https:\/\/elcensornoticias.com\/index.php?rest_route=\/wp\/v2\/users\/1"}],"replies":[{"embeddable":true,"href":"https:\/\/elcensornoticias.com\/index.php?rest_route=%2Fwp%2Fv2%2Fcomments&post=52027"}],"version-history":[{"count":1,"href":"https:\/\/elcensornoticias.com\/index.php?rest_route=\/wp\/v2\/posts\/52027\/revisions"}],"predecessor-version":[{"id":52029,"href":"https:\/\/elcensornoticias.com\/index.php?rest_route=\/wp\/v2\/posts\/52027\/revisions\/52029"}],"wp:featuredmedia":[{"embeddable":true,"href":"https:\/\/elcensornoticias.com\/index.php?rest_route=\/wp\/v2\/media\/52028"}],"wp:attachment":[{"href":"https:\/\/elcensornoticias.com\/index.php?rest_route=%2Fwp%2Fv2%2Fmedia&parent=52027"}],"wp:term":[{"taxonomy":"category","embeddable":true,"href":"https:\/\/elcensornoticias.com\/index.php?rest_route=%2Fwp%2Fv2%2Fcategories&post=52027"},{"taxonomy":"post_tag","embeddable":true,"href":"https:\/\/elcensornoticias.com\/index.php?rest_route=%2Fwp%2Fv2%2Ftags&post=52027"}],"curies":[{"name":"wp","href":"https:\/\/api.w.org\/{rel}","templated":true}]}}