{"id":52015,"date":"2025-06-12T23:59:48","date_gmt":"2025-06-12T23:59:48","guid":{"rendered":"http:\/\/elcensornoticias.com\/?p=52015"},"modified":"2025-06-13T00:00:13","modified_gmt":"2025-06-13T00:00:13","slug":"inicia-trabajo-el-nuevo-consejo-consultivo-de-la-cedht","status":"publish","type":"post","link":"https:\/\/elcensornoticias.com\/?p=52015","title":{"rendered":"Inicia trabajo el nuevo Consejo Consultivo de la CEDHT"},"content":{"rendered":"\n<p><em>Supervis\u00f3 personal del OFS entrega-recepci\u00f3n en el organismo aut\u00f3nomo<\/em><\/p>\n\n\n\n<p>Fortalecer\u00e1n acciones en defensa de los derechos humanos de todas las personas.<\/p>\n\n\n\n<p><a>En Sesi\u00f3n ordinaria p\u00fablica se instal\u00f3 el nuevo Consejo Consultivo de la Comisi\u00f3n Estatal de Derechos Humanos de Tlaxcala (CEDHT), para el periodo comprendido del 12 de junio de 2025 al 11 de junio de 2029, integrado por la presidenta del organismo, Jakqueline Ordo\u00f1ez Brasdefer, la consejera Leticia Valera Gonz\u00e1lez y los consejeros Agust\u00edn Flores Pe\u00f1a, Fernando George Zecua y Jes\u00fas Rivera Pantoja, quienes enfrentar\u00e1n retos y fortalecer\u00e1n acciones en favor de la defensa, promoci\u00f3n y difusi\u00f3n de los derechos humanos de todas las personas.<\/a><\/p>\n\n\n\n<p>Con su instalaci\u00f3n legal, material y formal, el Consejo se comprometi\u00f3 a mantener un trabajo responsable que beneficie a toda la poblaci\u00f3n tlaxcalteca, en coordinaci\u00f3n con los integrantes de los \u00f3rganos t\u00e9cnicos del organismo aut\u00f3nomo, con acciones incluyentes, incidiendo en quienes viven condiciones de vulnerabilidad.<\/p>\n\n\n\n<p>La consejera y los consejeros realizaron un recorrido por las diferentes \u00e1reas de las oficinas centrales de la CEDHT, para conocer el estado en el que est\u00e1n y los trabajos que realizan las personas servidoras p\u00fablicas de la instituci\u00f3n<\/p>\n\n\n\n<p>Posteriormente, el Consejo celebr\u00f3 una sesi\u00f3n extraordinaria, en la que se present\u00f3 el estado administrativo y legal que guarda la Comisi\u00f3n, adem\u00e1s acordaron establecer un programa de trabajo de acuerdo con las Comisiones que marca el reglamento interno del organismo aut\u00f3nomo.<\/p>\n\n\n\n<p>La presidenta, la consejera y los consejeros manifestaron su inter\u00e9s por aportar su experiencia y para que el organismo aut\u00f3nomo siga avanzando y consolidando su tarea institucional, cada uno con un compromiso real, aut\u00f3nomo y transparente que refuerce el di\u00e1logo con todas las voces que reclaman y exigen el respeto a sus derechos humanos.<\/p>\n\n\n\n<p>En dicha sesi\u00f3n, la consejera y los consejeros manifestaron que ser\u00e1n voces propositivas, que respalden las acciones de la presidencia y, de ser necesario, ser cr\u00edticos para el mejor funcionamiento de la instituci\u00f3n para mantener transparencia y legalidad en sus acciones.<\/p>\n\n\n\n<p>En el proceso de transici\u00f3n de la administraci\u00f3n de la CEDHT, personal del \u00d3rgano de Fiscalizaci\u00f3n Superior (OFS) supervis\u00f3 la entrega-recepci\u00f3n de los estados financieros, recursos materiales y humanos con los que opera el organismo aut\u00f3nomo.<\/p>\n","protected":false},"excerpt":{"rendered":"<p>Supervis\u00f3 personal del OFS entrega-recepci\u00f3n en el organismo aut\u00f3nomo Fortalecer\u00e1n acciones en defensa de los derechos humanos de todas las personas. En Sesi\u00f3n ordinaria p\u00fablica se instal\u00f3 el nuevo Consejo Consultivo de la Comisi\u00f3n Estatal de Derechos Humanos de Tlaxcala (CEDHT), para el periodo comprendido del 12 de junio de 2025 al 11 de junio [&hellip;]<\/p>\n","protected":false},"author":1,"featured_media":52016,"comment_status":"open","ping_status":"open","sticky":false,"template":"","format":"standard","meta":{"advanced_seo_description":"","jetpack_seo_html_title":"","jetpack_seo_noindex":false,"footnotes":"","jetpack_publicize_message":"","jetpack_is_tweetstorm":false,"jetpack_publicize_feature_enabled":true,"jetpack_social_post_already_shared":true,"jetpack_social_options":{"image_generator_settings":{"template":"highway","enabled":false}}},"categories":[5,3],"tags":[],"class_list":["post-52015","post","type-post","status-publish","format-standard","has-post-thumbnail","hentry","category-carrucel","category-gobierno"],"jetpack_publicize_connections":[],"jetpack_featured_media_url":"https:\/\/elcensornoticias.com\/wp-content\/uploads\/2025\/06\/Boletin-29-1.jpg","jetpack_likes_enabled":true,"jetpack_sharing_enabled":true,"jetpack_shortlink":"https:\/\/wp.me\/p6xy50-dwX","_links":{"self":[{"href":"https:\/\/elcensornoticias.com\/index.php?rest_route=\/wp\/v2\/posts\/52015","targetHints":{"allow":["GET"]}}],"collection":[{"href":"https:\/\/elcensornoticias.com\/index.php?rest_route=\/wp\/v2\/posts"}],"about":[{"href":"https:\/\/elcensornoticias.com\/index.php?rest_route=\/wp\/v2\/types\/post"}],"author":[{"embeddable":true,"href":"https:\/\/elcensornoticias.com\/index.php?rest_route=\/wp\/v2\/users\/1"}],"replies":[{"embeddable":true,"href":"https:\/\/elcensornoticias.com\/index.php?rest_route=%2Fwp%2Fv2%2Fcomments&post=52015"}],"version-history":[{"count":1,"href":"https:\/\/elcensornoticias.com\/index.php?rest_route=\/wp\/v2\/posts\/52015\/revisions"}],"predecessor-version":[{"id":52017,"href":"https:\/\/elcensornoticias.com\/index.php?rest_route=\/wp\/v2\/posts\/52015\/revisions\/52017"}],"wp:featuredmedia":[{"embeddable":true,"href":"https:\/\/elcensornoticias.com\/index.php?rest_route=\/wp\/v2\/media\/52016"}],"wp:attachment":[{"href":"https:\/\/elcensornoticias.com\/index.php?rest_route=%2Fwp%2Fv2%2Fmedia&parent=52015"}],"wp:term":[{"taxonomy":"category","embeddable":true,"href":"https:\/\/elcensornoticias.com\/index.php?rest_route=%2Fwp%2Fv2%2Fcategories&post=52015"},{"taxonomy":"post_tag","embeddable":true,"href":"https:\/\/elcensornoticias.com\/index.php?rest_route=%2Fwp%2Fv2%2Ftags&post=52015"}],"curies":[{"name":"wp","href":"https:\/\/api.w.org\/{rel}","templated":true}]}}