{"id":52012,"date":"2025-06-12T23:56:42","date_gmt":"2025-06-12T23:56:42","guid":{"rendered":"http:\/\/elcensornoticias.com\/?p=52012"},"modified":"2025-06-12T23:57:09","modified_gmt":"2025-06-12T23:57:09","slug":"celebrara-sedif-a-papas-tlaxcaltecas-con-super-carrera","status":"publish","type":"post","link":"https:\/\/elcensornoticias.com\/?p=52012","title":{"rendered":"CELEBRAR\u00c1 SEDIF A PAP\u00c1S TLAXCALTECAS CON SUPER CARRERA"},"content":{"rendered":"\n<p>Se llevar\u00e1 a cabo en seis sedes de manera simult\u00e1nea, el pr\u00f3ximo 28 de junio, a partir de las 7:00 horas.<\/p>\n\n\n\n<p>El Sistema Estatal para el Desarrollo Integral de la Familia (SEDIF) present\u00f3 la \u201c\u00a1S\u00faper Carrera de Pap\u00e1!\u201d, actividad que se llevar\u00e1 a cabo, el pr\u00f3ximo s\u00e1bado 28 de junio a partir de las 7:00 horas, en seis municipios simult\u00e1neamente: Apizaco, Zacatelco, Huamantla, Chiautempan, Tlaxcala y Calpulalpan.<\/p>\n\n\n\n<p>En conferencia de prensa, la presidenta honor\u00edfica del SEDIF, Mariana Espinosa de los Monteros Cu\u00e9llar, invit\u00f3 a todas las familias tlaxcaltecas a participar en la carrera que es completamente gratuita y con la que se busca rendir homenaje a los padres tlaxcaltecas, reconociendo su esfuerzo diario, su presencia amorosa y su compromiso en la formaci\u00f3n de sus hijos.<\/p>\n\n\n\n<p>Agreg\u00f3 que para lograr que participen los pap\u00e1s de todo el estado de Tlaxcala, la \u201c\u00a1S\u00faper Carrera de Pap\u00e1!\u201d se llevar\u00e1 a cabo de manera simult\u00e1nea en seis sedes.<\/p>\n\n\n\n<p>\u201cNuestros pap\u00e1s son los h\u00e9roes cotidianos, trabajan, educan, protegen, gu\u00edan y juegan. Queremos celebrar al pap\u00e1 presente, afectivo y comprometido, con una actividad pensada para compartir en familia\u201d, expres\u00f3.<\/p>\n\n\n\n<p>Espinosa de los Monteros Cu\u00e9llar agreg\u00f3 que la finalidad de esta iniciativa es generar un espacio de convivencia familiar y recreativa. Los participantes podr\u00e1n caminar, correr o incluso recorrer el trayecto en bicicleta, con patines o con sus animales de compa\u00f1\u00eda. Adem\u00e1s, se invita a los pap\u00e1s a asistir disfrazados de superh\u00e9roes o vestidos con atuendos representativos de sus profesiones.&nbsp;<\/p>\n\n\n\n<p>En su intervenci\u00f3n, la directora general de SEDIF, Flor L\u00f3pez Hinojosa, mencion\u00f3 a partir del d\u00eda lunes 16 de junio estar\u00e1n abiertas las inscripciones en los sistemas municipales DIF de las seis sedes participantes, as\u00ed como en las oficinas centrales del Sistema Estatal DIF y los primeros 250 inscritos por sede recibir\u00e1n un kit de participaci\u00f3n que incluye una playera conmemorativa.<\/p>\n\n\n\n<p>L\u00f3pez Hinojosa indic\u00f3 que, al concluir el recorrido se entregar\u00e1n medallas de participaci\u00f3n y cada pap\u00e1 inscrito podr\u00e1 acceder a la rifa de premios especiales en su respectiva sede.<\/p>\n\n\n\n<p>En su oportunidad, el director de Prevenci\u00f3n y Atenci\u00f3n Familiar del SEDIF, Stefano Di Grazia Hern\u00e1ndez, dijo que en todas las sedes se implementar\u00e1n operativos de seguridad, se contar\u00e1 con puntos de hidrataci\u00f3n, personal de apoyo y medidas de seguridad.&nbsp;<\/p>\n\n\n\n<p>Finalmente, las autoridades invitaron a seguir las redes oficiales del SEDIF Tlaxcala y de cada DIF municipal para conocer las rutas, puntos de salida y m\u00e1s detalles log\u00edsticos.<\/p>\n","protected":false},"excerpt":{"rendered":"<p>Se llevar\u00e1 a cabo en seis sedes de manera simult\u00e1nea, el pr\u00f3ximo 28 de junio, a partir de las 7:00 horas. El Sistema Estatal para el Desarrollo Integral de la Familia (SEDIF) present\u00f3 la \u201c\u00a1S\u00faper Carrera de Pap\u00e1!\u201d, actividad que se llevar\u00e1 a cabo, el pr\u00f3ximo s\u00e1bado 28 de junio a partir de las 7:00 [&hellip;]<\/p>\n","protected":false},"author":1,"featured_media":52013,"comment_status":"open","ping_status":"open","sticky":false,"template":"","format":"standard","meta":{"advanced_seo_description":"","jetpack_seo_html_title":"","jetpack_seo_noindex":false,"footnotes":"","jetpack_publicize_message":"","jetpack_is_tweetstorm":false,"jetpack_publicize_feature_enabled":true,"jetpack_social_post_already_shared":true,"jetpack_social_options":{"image_generator_settings":{"template":"highway","enabled":false}}},"categories":[5,3],"tags":[],"class_list":["post-52012","post","type-post","status-publish","format-standard","has-post-thumbnail","hentry","category-carrucel","category-gobierno"],"jetpack_publicize_connections":[],"jetpack_featured_media_url":"https:\/\/elcensornoticias.com\/wp-content\/uploads\/2025\/06\/IMG-20250612-WA0064.jpg","jetpack_likes_enabled":true,"jetpack_sharing_enabled":true,"jetpack_shortlink":"https:\/\/wp.me\/p6xy50-dwU","_links":{"self":[{"href":"https:\/\/elcensornoticias.com\/index.php?rest_route=\/wp\/v2\/posts\/52012","targetHints":{"allow":["GET"]}}],"collection":[{"href":"https:\/\/elcensornoticias.com\/index.php?rest_route=\/wp\/v2\/posts"}],"about":[{"href":"https:\/\/elcensornoticias.com\/index.php?rest_route=\/wp\/v2\/types\/post"}],"author":[{"embeddable":true,"href":"https:\/\/elcensornoticias.com\/index.php?rest_route=\/wp\/v2\/users\/1"}],"replies":[{"embeddable":true,"href":"https:\/\/elcensornoticias.com\/index.php?rest_route=%2Fwp%2Fv2%2Fcomments&post=52012"}],"version-history":[{"count":1,"href":"https:\/\/elcensornoticias.com\/index.php?rest_route=\/wp\/v2\/posts\/52012\/revisions"}],"predecessor-version":[{"id":52014,"href":"https:\/\/elcensornoticias.com\/index.php?rest_route=\/wp\/v2\/posts\/52012\/revisions\/52014"}],"wp:featuredmedia":[{"embeddable":true,"href":"https:\/\/elcensornoticias.com\/index.php?rest_route=\/wp\/v2\/media\/52013"}],"wp:attachment":[{"href":"https:\/\/elcensornoticias.com\/index.php?rest_route=%2Fwp%2Fv2%2Fmedia&parent=52012"}],"wp:term":[{"taxonomy":"category","embeddable":true,"href":"https:\/\/elcensornoticias.com\/index.php?rest_route=%2Fwp%2Fv2%2Fcategories&post=52012"},{"taxonomy":"post_tag","embeddable":true,"href":"https:\/\/elcensornoticias.com\/index.php?rest_route=%2Fwp%2Fv2%2Ftags&post=52012"}],"curies":[{"name":"wp","href":"https:\/\/api.w.org\/{rel}","templated":true}]}}