{"id":52009,"date":"2025-06-12T23:54:56","date_gmt":"2025-06-12T23:54:56","guid":{"rendered":"http:\/\/elcensornoticias.com\/?p=52009"},"modified":"2025-06-12T23:54:58","modified_gmt":"2025-06-12T23:54:58","slug":"supervisan-avance-de-guarderia-empresarial-de-ciudad-industrial","status":"publish","type":"post","link":"https:\/\/elcensornoticias.com\/?p=52009","title":{"rendered":"SUPERVISAN AVANCE DE GUARDER\u00cdA EMPRESARIAL DE CIUDAD INDUSTRIAL"},"content":{"rendered":"\n<p>La mandataria estatal asegur\u00f3 que este centro infantil, primero en su tipo a nivel nacional, ofrecer\u00e1 a las madres trabajadoras un lugar adecuado y seguro para sus hijos_<\/p>\n\n\n\n<p>La gobernadora Lorena Cu\u00e9llar Cisneros recorri\u00f3 las instalaciones de la Guarder\u00eda Empresarial que se construye en Ciudad Industrial Xicoht\u00e9ncatl I (CIX), en el municipio de Tetla de la Solidaridad, que registra un 98 por ciento de avance.<\/p>\n\n\n\n<p>Acompa\u00f1ada por el secretario de Desarrollo Econ\u00f3mico, Javier Marroqu\u00edn Calder\u00f3n y el administrador de este centro, Emilio P\u00e9rez Calder\u00f3n, la mandataria estatal conoci\u00f3 las \u00e1reas que integran este espacio, que ser\u00e1 el primero en su tipo a nivel nacional, al ofrecer a madres trabajadoras un lugar adecuado para la estancia de sus hijos mientras cumplen con sus responsabilidades laborales.<\/p>\n\n\n\n<p>\u201cEstoy muy contenta, al principio parec\u00eda imposible contar con un lugar de este tipo, con estas caracter\u00edsticas, pero hoy es una realidad. Para m\u00ed, era un sue\u00f1o este espacio en beneficio de las madres trabajadoras que hoy se ve materializado\u00bb, afirm\u00f3.<\/p>\n\n\n\n<p>Durante el recorrido, la gobernadora Lorena Cu\u00e9llar destac\u00f3 la instalaci\u00f3n de c\u00e1maras de circuito cerrado al interior de la guarder\u00eda que garantizar\u00e1n la seguridad de infantes y brindar\u00e1 confianza a las mam\u00e1s cuando acudan a dejar a sus hijos.&nbsp;<\/p>\n\n\n\n<p>En su intervenci\u00f3n, el titular de la Secretar\u00eda de Desarrollo Econ\u00f3mico (SEDECO), Javier Marroqu\u00edn Calder\u00f3n, resalt\u00f3 el trabajo de gesti\u00f3n que se realiz\u00f3 ante el Instituto Mexicano del Seguro Social (IMSS) por m\u00e1s de dos a\u00f1os para lograr la construcci\u00f3n de este lugar, que cumplir\u00e1 con todos los protocolos de seguridad y lineamientos que establece la dependencia federal.<\/p>\n\n\n\n<p>En tanto, Emilio P\u00e9rez Calder\u00f3n, administrador del lugar, dio a conocer que tendr\u00e1 capacidad para 252 ni\u00f1os, desde los 43 d\u00edas de nacidos hasta los 4 a\u00f1os. Contar\u00e1 con un \u00e1rea de lobby y recepci\u00f3n, que funcionar\u00e1 como primer filtro de ingreso, donde se implementar\u00e1n sistemas de identificaci\u00f3n biom\u00e9trica como huella digital y reconocimiento facial, brindando certeza a las familias sobre el resguardo de las ni\u00f1as y ni\u00f1os.<\/p>\n\n\n\n<p>P\u00e9rez Calder\u00f3n detall\u00f3 que el Centro de Asistencia Infantil Empresarial contar\u00e1 con c\u00e1maras de seguridad distribuidas estrat\u00e9gicamente, asegurando el cumplimiento de los protocolos establecidos por el IMSS y se instalar\u00e1n puertas con botones de p\u00e1nico conectados a las corporaciones de seguridad para responder oportunamente ante cualquier emergencia.<\/p>\n\n\n\n<p>\u00abNo habr\u00e1 puntos ciegos, lo que permitir\u00e1 garantizar la seguridad de cada ni\u00f1o y el funcionamiento \u00f3ptimo del centro\u00bb, se\u00f1al\u00f3 el encargado del proyecto.<\/p>\n\n\n\n<p>El edificio incluye espacios espec\u00edficos para cada etapa de desarrollo de los ni\u00f1os, con 10 salones como \u00e1rea de lactantes, maternales, salas de usos m\u00faltiples, \u00e1rea de esf\u00ednteres, sanitarios, as\u00ed como lugares destinados para los colaboradores y direcci\u00f3n general.<\/p>\n\n\n\n<p>Cabe se\u00f1alar que, con el apoyo del Gobierno del Estado, ya se cuenta con todo el mobiliario y equipo que se instalar\u00e1 en las siguientes semanas para su pr\u00f3xima inauguraci\u00f3n.<\/p>\n","protected":false},"excerpt":{"rendered":"<p>La mandataria estatal asegur\u00f3 que este centro infantil, primero en su tipo a nivel nacional, ofrecer\u00e1 a las madres trabajadoras un lugar adecuado y seguro para sus hijos_ La gobernadora Lorena Cu\u00e9llar Cisneros recorri\u00f3 las instalaciones de la Guarder\u00eda Empresarial que se construye en Ciudad Industrial Xicoht\u00e9ncatl I (CIX), en el municipio de Tetla de [&hellip;]<\/p>\n","protected":false},"author":1,"featured_media":52010,"comment_status":"open","ping_status":"open","sticky":false,"template":"","format":"standard","meta":{"advanced_seo_description":"","jetpack_seo_html_title":"","jetpack_seo_noindex":false,"footnotes":"","jetpack_publicize_message":"","jetpack_is_tweetstorm":false,"jetpack_publicize_feature_enabled":true,"jetpack_social_post_already_shared":true,"jetpack_social_options":{"image_generator_settings":{"template":"highway","enabled":false}}},"categories":[5,3],"tags":[],"class_list":["post-52009","post","type-post","status-publish","format-standard","has-post-thumbnail","hentry","category-carrucel","category-gobierno"],"jetpack_publicize_connections":[],"jetpack_featured_media_url":"https:\/\/elcensornoticias.com\/wp-content\/uploads\/2025\/06\/IMG-20250612-WA0060.jpg","jetpack_likes_enabled":true,"jetpack_sharing_enabled":true,"jetpack_shortlink":"https:\/\/wp.me\/p6xy50-dwR","_links":{"self":[{"href":"https:\/\/elcensornoticias.com\/index.php?rest_route=\/wp\/v2\/posts\/52009","targetHints":{"allow":["GET"]}}],"collection":[{"href":"https:\/\/elcensornoticias.com\/index.php?rest_route=\/wp\/v2\/posts"}],"about":[{"href":"https:\/\/elcensornoticias.com\/index.php?rest_route=\/wp\/v2\/types\/post"}],"author":[{"embeddable":true,"href":"https:\/\/elcensornoticias.com\/index.php?rest_route=\/wp\/v2\/users\/1"}],"replies":[{"embeddable":true,"href":"https:\/\/elcensornoticias.com\/index.php?rest_route=%2Fwp%2Fv2%2Fcomments&post=52009"}],"version-history":[{"count":1,"href":"https:\/\/elcensornoticias.com\/index.php?rest_route=\/wp\/v2\/posts\/52009\/revisions"}],"predecessor-version":[{"id":52011,"href":"https:\/\/elcensornoticias.com\/index.php?rest_route=\/wp\/v2\/posts\/52009\/revisions\/52011"}],"wp:featuredmedia":[{"embeddable":true,"href":"https:\/\/elcensornoticias.com\/index.php?rest_route=\/wp\/v2\/media\/52010"}],"wp:attachment":[{"href":"https:\/\/elcensornoticias.com\/index.php?rest_route=%2Fwp%2Fv2%2Fmedia&parent=52009"}],"wp:term":[{"taxonomy":"category","embeddable":true,"href":"https:\/\/elcensornoticias.com\/index.php?rest_route=%2Fwp%2Fv2%2Fcategories&post=52009"},{"taxonomy":"post_tag","embeddable":true,"href":"https:\/\/elcensornoticias.com\/index.php?rest_route=%2Fwp%2Fv2%2Ftags&post=52009"}],"curies":[{"name":"wp","href":"https:\/\/api.w.org\/{rel}","templated":true}]}}