{"id":52006,"date":"2025-06-12T23:53:12","date_gmt":"2025-06-12T23:53:12","guid":{"rendered":"http:\/\/elcensornoticias.com\/?p=52006"},"modified":"2025-06-12T23:53:14","modified_gmt":"2025-06-12T23:53:14","slug":"sepe-uset-promueve-conciencia-civica-y-respeto-a-simbolos-patrios","status":"publish","type":"post","link":"https:\/\/elcensornoticias.com\/?p=52006","title":{"rendered":"SEPE-USET PROMUEVE CONCIENCIA C\u00cdVICA Y RESPETO A S\u00cdMBOLOS PATRIOS"},"content":{"rendered":"\n<p>Celebra concurso de interpretaci\u00f3n de Himno Nacional Mexicano e Himno a Tlaxcala_<\/p>\n\n\n\n<p>Con el objetivo de reafirmar el respeto por los s\u00edmbolos patrios entre la comunidad de educaci\u00f3n b\u00e1sica, la Secretar\u00eda de Educaci\u00f3n P\u00fablica del Estado y la Unidad de Servicios Educativos del Estado de Tlaxcala (SEPE-USET), a trav\u00e9s del departamento de Educaci\u00f3n C\u00edvica, celebr\u00f3 el concurso de interpretaci\u00f3n de Himno Nacional Mexicano e Himno a Tlaxcala 2025, con la participaci\u00f3n de primarias y secundarias p\u00fablicas y privadas.<\/p>\n\n\n\n<p>El acto inaugural fue encabezado por el titular de la SEPE-USET, Homero Meneses Hern\u00e1ndez, quien, ante alumnos, docentes, padres de familia y p\u00fablico en general, destac\u00f3 la importancia de este tipo de eventos que tiene como objetivo reforzar el car\u00e1cter c\u00edvico y el sentido de comunidad.<\/p>\n\n\n\n<p>\u201cCantar a la patria no es una consigna, sino una pr\u00e1ctica cotidiana desde c\u00f3mo tratamos a los dem\u00e1s hasta c\u00f3mo defendemos lo p\u00fablico y es que la patria tambi\u00e9n se canta desde las aulas, se defiende cuando hay maestras y maestros que ense\u00f1an con vocaci\u00f3n, se construye cuando hay ni\u00f1as y ni\u00f1os que se educan con esperanza, se honran cuando entendemos que un pa\u00eds justo empieza por garantizar el derecho a la educaci\u00f3n, no como d\u00e1diva sino como principio\u201d, asever\u00f3&nbsp;<\/p>\n\n\n\n<p>En su mensaje, destac\u00f3 la importancia de los s\u00edmbolos patrios como la Bandera Mexicana y el Himno Nacional Mexicano que han sido enarbolados como una protesta pac\u00edfica en diversas protestas surgidas en Estados Unidos de Norteam\u00e9rica, ante las detenciones y deportaciones masivas a mexicanos que laboran en ese pa\u00eds.<\/p>\n\n\n\n<p>\u201cEn este preciso momento en el vecino pa\u00eds del norte en Estados Unidos muchas&nbsp; mexicanas y mexicanas enarbolan nuestro l\u00e1baro patrio y entona nuestro himno nacional como un s\u00edmbolo de resistencia, la presidenta Claudia Sheinbaum Pardo ha llamado a que las manifestaciones nunca sean violentas siempre sean pac\u00edficas, desde Tlaxcala, con los ni\u00f1os y ni\u00f1as al frente, pido de manera respetuosa y humilde a nuestros migrantes que honremos a nuestro l\u00e1baro patrio y a nuestro himno como un s\u00edmbolo de paz mundial\u201d, se\u00f1al\u00f3.<\/p>\n\n\n\n<p>Durante el evento celebrado en el teatro Xicoht\u00e9ncatl, Meneses Hern\u00e1ndez reconoci\u00f3 el trabajo realizado por los docentes y alumnos participantes, quienes por meses se preparan para representar a sus escuelas y subsistemas.<\/p>\n\n\n\n<p>Por su parte, el jefe del departamento de Acci\u00f3n C\u00edvica, Oscar Espinosa de los Monteros Osorio, destac\u00f3 la preparaci\u00f3n de ni\u00f1as, ni\u00f1os y adolescentes participantes, quienes mostraron un amplio compromiso c\u00edvico.&nbsp;<\/p>\n\n\n\n<p>Los ganadores de la categor\u00eda \u201cA\u201d, Himno Nacional Mexicano, fueron alumnos de la primaria \u201cEmilio Carranza\u201d e Himno a Tlaxcala, la primaria \u201cPaz y Progreso\u201d.<\/p>\n\n\n\n<p>En la categor\u00eda \u201cB\u201d, Himno Nacional, result\u00f3 ganadora la secundaria general \u201cRafael Minor Franco\u201d e Himno a Tlaxcala, la secundaria t\u00e9cnica n\u00famero 10 \u201cEmilio S\u00e1nchez Piedras\u201d.<\/p>\n\n\n\n<p>En tanto que, los triunfadores de la categor\u00eda \u201cC\u201d del Himno Nacional fueron estudiantes de la primaria biling\u00fce \u201cNezahualc\u00f3yotl\u201d y en el Himno a Tlaxcala la primaria biling\u00fce \u201cBimi Manandi Yu Mu\u201d.<\/p>\n","protected":false},"excerpt":{"rendered":"<p>Celebra concurso de interpretaci\u00f3n de Himno Nacional Mexicano e Himno a Tlaxcala_ Con el objetivo de reafirmar el respeto por los s\u00edmbolos patrios entre la comunidad de educaci\u00f3n b\u00e1sica, la Secretar\u00eda de Educaci\u00f3n P\u00fablica del Estado y la Unidad de Servicios Educativos del Estado de Tlaxcala (SEPE-USET), a trav\u00e9s del departamento de Educaci\u00f3n C\u00edvica, celebr\u00f3 [&hellip;]<\/p>\n","protected":false},"author":1,"featured_media":52007,"comment_status":"open","ping_status":"open","sticky":false,"template":"","format":"standard","meta":{"advanced_seo_description":"","jetpack_seo_html_title":"","jetpack_seo_noindex":false,"footnotes":"","jetpack_publicize_message":"","jetpack_is_tweetstorm":false,"jetpack_publicize_feature_enabled":true,"jetpack_social_post_already_shared":true,"jetpack_social_options":{"image_generator_settings":{"template":"highway","enabled":false}}},"categories":[2,28],"tags":[],"class_list":["post-52006","post","type-post","status-publish","format-standard","has-post-thumbnail","hentry","category-destacadas","category-educacion"],"jetpack_publicize_connections":[],"jetpack_featured_media_url":"https:\/\/elcensornoticias.com\/wp-content\/uploads\/2025\/06\/IMG-20250612-WA0053.jpg","jetpack_likes_enabled":true,"jetpack_sharing_enabled":true,"jetpack_shortlink":"https:\/\/wp.me\/p6xy50-dwO","_links":{"self":[{"href":"https:\/\/elcensornoticias.com\/index.php?rest_route=\/wp\/v2\/posts\/52006","targetHints":{"allow":["GET"]}}],"collection":[{"href":"https:\/\/elcensornoticias.com\/index.php?rest_route=\/wp\/v2\/posts"}],"about":[{"href":"https:\/\/elcensornoticias.com\/index.php?rest_route=\/wp\/v2\/types\/post"}],"author":[{"embeddable":true,"href":"https:\/\/elcensornoticias.com\/index.php?rest_route=\/wp\/v2\/users\/1"}],"replies":[{"embeddable":true,"href":"https:\/\/elcensornoticias.com\/index.php?rest_route=%2Fwp%2Fv2%2Fcomments&post=52006"}],"version-history":[{"count":1,"href":"https:\/\/elcensornoticias.com\/index.php?rest_route=\/wp\/v2\/posts\/52006\/revisions"}],"predecessor-version":[{"id":52008,"href":"https:\/\/elcensornoticias.com\/index.php?rest_route=\/wp\/v2\/posts\/52006\/revisions\/52008"}],"wp:featuredmedia":[{"embeddable":true,"href":"https:\/\/elcensornoticias.com\/index.php?rest_route=\/wp\/v2\/media\/52007"}],"wp:attachment":[{"href":"https:\/\/elcensornoticias.com\/index.php?rest_route=%2Fwp%2Fv2%2Fmedia&parent=52006"}],"wp:term":[{"taxonomy":"category","embeddable":true,"href":"https:\/\/elcensornoticias.com\/index.php?rest_route=%2Fwp%2Fv2%2Fcategories&post=52006"},{"taxonomy":"post_tag","embeddable":true,"href":"https:\/\/elcensornoticias.com\/index.php?rest_route=%2Fwp%2Fv2%2Ftags&post=52006"}],"curies":[{"name":"wp","href":"https:\/\/api.w.org\/{rel}","templated":true}]}}