{"id":52000,"date":"2025-06-12T23:49:26","date_gmt":"2025-06-12T23:49:26","guid":{"rendered":"http:\/\/elcensornoticias.com\/?p=52000"},"modified":"2025-06-12T23:49:29","modified_gmt":"2025-06-12T23:49:29","slug":"confirmada-la-visita-de-la-presidenta-a-tlaxcala","status":"publish","type":"post","link":"https:\/\/elcensornoticias.com\/?p=52000","title":{"rendered":"CONFIRMADA LA VISITA DE LA PRESIDENTA A TLAXCALA"},"content":{"rendered":"\n<p>SUPERVISAR\u00c1 AVANCES EN PROGRAMAS SOCIALES<\/p>\n\n\n\n<p>El pr\u00f3ximo s\u00e1bado 14 de junio Claudia Sheinbaum y la mandataria estatal desahogar\u00e1n una agenda de trabajo en torno a las estrategias de salud e infraestructura social_<\/p>\n\n\n\n<p>La gobernadora Lorena Cu\u00e9llar Cisneros confirm\u00f3 la visita de la presidenta Claudia Sheinbaum Pardo a Tlaxcala este pr\u00f3ximo s\u00e1bado 14 de junio, donde conjuntamente supervisar\u00e1n los avances en programas clave de bienestar social que impulsa el Gobierno de M\u00e9xico en la entidad.<\/p>\n\n\n\n<p>En entrevista colectiva con medios de comunicaci\u00f3n, la mandataria estatal detall\u00f3 que junto con la presidenta Sheinbaum desahogar\u00e1n una agenda de trabajo intensa en torno a los programas IMSS-Bienestar y \u201cSalud casa por casa\u201d, as\u00ed como de la estrategia \u201cFondo de Aportaciones para la Infraestructura Social de los Pueblos y Comunidades Ind\u00edgenas y Afromexicanas\u201d.<\/p>\n\n\n\n<p>\u201cVamos a dar seguimiento a las obras que ya tenemos en marcha y vamos a presentarle una carpeta en donde le damos a conocer algunos proyectos para ver la posibilidad de llevarlos a cabo\u201d, asegur\u00f3.<\/p>\n\n\n\n<p>La visita de la presidenta Claudia Sheinbaum representa una oportunidad para fortalecer la colaboraci\u00f3n entre los distintos niveles de gobierno y garantizar el avance de las pol\u00edticas p\u00fablicas en beneficio de la poblaci\u00f3n.<\/p>\n","protected":false},"excerpt":{"rendered":"<p>SUPERVISAR\u00c1 AVANCES EN PROGRAMAS SOCIALES El pr\u00f3ximo s\u00e1bado 14 de junio Claudia Sheinbaum y la mandataria estatal desahogar\u00e1n una agenda de trabajo en torno a las estrategias de salud e infraestructura social_ La gobernadora Lorena Cu\u00e9llar Cisneros confirm\u00f3 la visita de la presidenta Claudia Sheinbaum Pardo a Tlaxcala este pr\u00f3ximo s\u00e1bado 14 de junio, donde [&hellip;]<\/p>\n","protected":false},"author":1,"featured_media":52001,"comment_status":"open","ping_status":"open","sticky":false,"template":"","format":"standard","meta":{"advanced_seo_description":"","jetpack_seo_html_title":"","jetpack_seo_noindex":false,"footnotes":"","jetpack_publicize_message":"","jetpack_is_tweetstorm":false,"jetpack_publicize_feature_enabled":true,"jetpack_social_post_already_shared":true,"jetpack_social_options":{"image_generator_settings":{"template":"highway","enabled":false}}},"categories":[5,3],"tags":[],"class_list":["post-52000","post","type-post","status-publish","format-standard","has-post-thumbnail","hentry","category-carrucel","category-gobierno"],"jetpack_publicize_connections":[],"jetpack_featured_media_url":"https:\/\/elcensornoticias.com\/wp-content\/uploads\/2025\/06\/IMG-20250612-WA0020.jpg","jetpack_likes_enabled":true,"jetpack_sharing_enabled":true,"jetpack_shortlink":"https:\/\/wp.me\/p6xy50-dwI","_links":{"self":[{"href":"https:\/\/elcensornoticias.com\/index.php?rest_route=\/wp\/v2\/posts\/52000","targetHints":{"allow":["GET"]}}],"collection":[{"href":"https:\/\/elcensornoticias.com\/index.php?rest_route=\/wp\/v2\/posts"}],"about":[{"href":"https:\/\/elcensornoticias.com\/index.php?rest_route=\/wp\/v2\/types\/post"}],"author":[{"embeddable":true,"href":"https:\/\/elcensornoticias.com\/index.php?rest_route=\/wp\/v2\/users\/1"}],"replies":[{"embeddable":true,"href":"https:\/\/elcensornoticias.com\/index.php?rest_route=%2Fwp%2Fv2%2Fcomments&post=52000"}],"version-history":[{"count":1,"href":"https:\/\/elcensornoticias.com\/index.php?rest_route=\/wp\/v2\/posts\/52000\/revisions"}],"predecessor-version":[{"id":52002,"href":"https:\/\/elcensornoticias.com\/index.php?rest_route=\/wp\/v2\/posts\/52000\/revisions\/52002"}],"wp:featuredmedia":[{"embeddable":true,"href":"https:\/\/elcensornoticias.com\/index.php?rest_route=\/wp\/v2\/media\/52001"}],"wp:attachment":[{"href":"https:\/\/elcensornoticias.com\/index.php?rest_route=%2Fwp%2Fv2%2Fmedia&parent=52000"}],"wp:term":[{"taxonomy":"category","embeddable":true,"href":"https:\/\/elcensornoticias.com\/index.php?rest_route=%2Fwp%2Fv2%2Fcategories&post=52000"},{"taxonomy":"post_tag","embeddable":true,"href":"https:\/\/elcensornoticias.com\/index.php?rest_route=%2Fwp%2Fv2%2Ftags&post=52000"}],"curies":[{"name":"wp","href":"https:\/\/api.w.org\/{rel}","templated":true}]}}