{"id":51997,"date":"2025-06-12T23:47:16","date_gmt":"2025-06-12T23:47:16","guid":{"rendered":"http:\/\/elcensornoticias.com\/?p=51997"},"modified":"2025-06-12T23:47:18","modified_gmt":"2025-06-12T23:47:18","slug":"premios-estatales-de-artes-visuales-tlaxcala-2025","status":"publish","type":"post","link":"https:\/\/elcensornoticias.com\/?p=51997","title":{"rendered":"PREMIOS ESTATALES DE ARTES VISUALES TLAXCALA 2025"},"content":{"rendered":"\n<p>La dependencia convoca a artistas visuales del estado a imaginar el porvenir desde el arte, en una edici\u00f3n conmemorativa por los 500 a\u00f1os de la fundaci\u00f3n de la ciudad_<\/p>\n\n\n\n<p>La Secretar\u00eda de Cultura (SC) present\u00f3 la convocatoria de los Premios Estatales de Artes Visuales Tlaxcala 2025, en el marco de la conmemoraci\u00f3n por los 500 a\u00f1os de la fundaci\u00f3n de la ciudad de Tlaxcala.&nbsp;<\/p>\n\n\n\n<p>La titular de la SC, Karen Villeda, destac\u00f3 que este certamen busca visibilizar el talento art\u00edstico de Tlaxcala y enriquecer el patrimonio cultural con obras que dialoguen con el tiempo, la historia y la identidad.<\/p>\n\n\n\n<p>Esta plataforma busca reconoce y estimula la creaci\u00f3n pl\u00e1stica y visual contempor\u00e1nea en el estado, reafirmando su compromiso con el arte y la identidad cultural.<\/p>\n\n\n\n<p>Bajo el tema \u201cMemorias de Tiempos Futuros\u201d, esta edici\u00f3n invita a las y los artistas a reflexionar, imaginar y representar el porvenir desde una mirada \u00edntima, colectiva o simb\u00f3lica.&nbsp;<\/p>\n\n\n\n<p>Las categor\u00edas contempladas son: Pintura, Dibujo, Grabado, Fotograf\u00eda y Escultura, donde se premiar\u00e1 con un est\u00edmulo econ\u00f3mico a las mejores piezas y brindar\u00e1 la oportunidad a los artistas de formar parte del acervo art\u00edstico estatal.<\/p>\n\n\n\n<p>La recepci\u00f3n de obras se realizar\u00e1 del 4 al 20 de agosto de 2025, en las oficinas de la Direcci\u00f3n de Ense\u00f1anza Art\u00edstica del Centro de las Artes Tlaxcala; podr\u00e1n participar artistas originarios de Tlaxcala o residentes en el estado con obra in\u00e9dita y original.<\/p>\n\n\n\n<p>Para m\u00e1s informaci\u00f3n, las y los interesados pueden escribir al correo electr\u00f3nico: premiostlax@gmail.com o comunicarse al&nbsp; tel\u00e9fono 241 418 89 60, extensi\u00f3n 154.<\/p>\n\n\n\n<p>La convocatoria completa puede consultarse en el sitio oficial: https:\/\/www.culturatlaxcala.com.mx\/Convocatoria_Artes_Visuales_2025.pdf<\/p>\n\n\n\n<p><\/p>\n","protected":false},"excerpt":{"rendered":"<p>La dependencia convoca a artistas visuales del estado a imaginar el porvenir desde el arte, en una edici\u00f3n conmemorativa por los 500 a\u00f1os de la fundaci\u00f3n de la ciudad_ La Secretar\u00eda de Cultura (SC) present\u00f3 la convocatoria de los Premios Estatales de Artes Visuales Tlaxcala 2025, en el marco de la conmemoraci\u00f3n por los 500 [&hellip;]<\/p>\n","protected":false},"author":1,"featured_media":51998,"comment_status":"open","ping_status":"open","sticky":false,"template":"","format":"standard","meta":{"advanced_seo_description":"","jetpack_seo_html_title":"","jetpack_seo_noindex":false,"footnotes":"","jetpack_publicize_message":"","jetpack_is_tweetstorm":false,"jetpack_publicize_feature_enabled":true,"jetpack_social_post_already_shared":true,"jetpack_social_options":{"image_generator_settings":{"template":"highway","enabled":false}}},"categories":[26],"tags":[],"class_list":["post-51997","post","type-post","status-publish","format-standard","has-post-thumbnail","hentry","category-cultura"],"jetpack_publicize_connections":[],"jetpack_featured_media_url":"https:\/\/elcensornoticias.com\/wp-content\/uploads\/2025\/06\/IMG-20250612-WA0013.jpg","jetpack_likes_enabled":true,"jetpack_sharing_enabled":true,"jetpack_shortlink":"https:\/\/wp.me\/p6xy50-dwF","_links":{"self":[{"href":"https:\/\/elcensornoticias.com\/index.php?rest_route=\/wp\/v2\/posts\/51997","targetHints":{"allow":["GET"]}}],"collection":[{"href":"https:\/\/elcensornoticias.com\/index.php?rest_route=\/wp\/v2\/posts"}],"about":[{"href":"https:\/\/elcensornoticias.com\/index.php?rest_route=\/wp\/v2\/types\/post"}],"author":[{"embeddable":true,"href":"https:\/\/elcensornoticias.com\/index.php?rest_route=\/wp\/v2\/users\/1"}],"replies":[{"embeddable":true,"href":"https:\/\/elcensornoticias.com\/index.php?rest_route=%2Fwp%2Fv2%2Fcomments&post=51997"}],"version-history":[{"count":1,"href":"https:\/\/elcensornoticias.com\/index.php?rest_route=\/wp\/v2\/posts\/51997\/revisions"}],"predecessor-version":[{"id":51999,"href":"https:\/\/elcensornoticias.com\/index.php?rest_route=\/wp\/v2\/posts\/51997\/revisions\/51999"}],"wp:featuredmedia":[{"embeddable":true,"href":"https:\/\/elcensornoticias.com\/index.php?rest_route=\/wp\/v2\/media\/51998"}],"wp:attachment":[{"href":"https:\/\/elcensornoticias.com\/index.php?rest_route=%2Fwp%2Fv2%2Fmedia&parent=51997"}],"wp:term":[{"taxonomy":"category","embeddable":true,"href":"https:\/\/elcensornoticias.com\/index.php?rest_route=%2Fwp%2Fv2%2Fcategories&post=51997"},{"taxonomy":"post_tag","embeddable":true,"href":"https:\/\/elcensornoticias.com\/index.php?rest_route=%2Fwp%2Fv2%2Ftags&post=51997"}],"curies":[{"name":"wp","href":"https:\/\/api.w.org\/{rel}","templated":true}]}}