{"id":51991,"date":"2025-06-12T23:43:49","date_gmt":"2025-06-12T23:43:49","guid":{"rendered":"http:\/\/elcensornoticias.com\/?p=51991"},"modified":"2025-06-12T23:43:52","modified_gmt":"2025-06-12T23:43:52","slug":"inicia-en-tlaxcala-el-programa-salud-casa-por-casa","status":"publish","type":"post","link":"https:\/\/elcensornoticias.com\/?p=51991","title":{"rendered":"INICIA EN TLAXCALA EL PROGRAMA \u201cSALUD CASA POR CASA\u201d"},"content":{"rendered":"\n<p>La gobernadora Lorena Cu\u00e9llar destac\u00f3 que la entidad fue la primera en implementar este modelo de atenci\u00f3n para adultos mayores y personas con discapacidad_<\/p>\n\n\n\n<p>La gobernadora Lorena Cu\u00e9llar Cisneros encabez\u00f3 en Tlaxcala el arranque del programa federal \u201cSalud Casa por Casa\u201d, estrategia impulsada por la presidenta de la Rep\u00fablica, Claudia Sheinbaum Pardo, el cual llevar\u00e1 atenci\u00f3n m\u00e9dica personalizada a los hogares de adultos mayores y personas con discapacidad.<\/p>\n\n\n\n<p>En enlace directo en la conferencia \u201cLa Ma\u00f1anera del Pueblo\u201d, en la que participaron los 32 gobernadores de los estados del pa\u00eds para dar inicio de manera simult\u00e1nea a esta iniciativa, Cu\u00e9llar Cisneros destac\u00f3 que su administraci\u00f3n fue una de las primeras en adoptar este modelo de atenci\u00f3n en el pa\u00eds.<\/p>\n\n\n\n<p>\u201cEs un gusto trabajar con usted presidenta, a su lado y, sobre todo, decirle que Tlaxcala desde el inicio de este gobierno, ya inici\u00f3 con este programa que ha sido todo un \u00e9xito. Hoy me acompa\u00f1an 212 especialistas de la salud y estamos listos, presidenta, para trabajar con la salud de los adultos mayores\u201d, resalt\u00f3 desde las instalaciones del Teatro del Instituto Mexicano del Seguro Social.<\/p>\n\n\n\n<p>M\u00e1s tarde, en el acto protocolario, la titular del Ejecutivo resalt\u00f3 que los 212 especialistas de la salud, quienes recorrer\u00e1n los 60 municipios, se convertir\u00e1n en los ojos de su gobierno para detectar las necesidades m\u00e1s apremiantes, brindar\u00e1n atenci\u00f3n m\u00e9dica, pero, sobre todo, con su trabajo, revalorizar\u00e1n el valor de los adultos mayores en la sociedad.<\/p>\n\n\n\n<p>\u201cHoy, las enfermeras y los m\u00e9dicos, cuando decidieron ser m\u00e9dicos o enfermeras, fue porque tienen una vocaci\u00f3n, porque aman esa profesi\u00f3n, que tiene el compromiso de servir. Deseo que cada uno de ustedes vaya a hacerlo con ese entusiasmo, con ese amor y que me ayuden a poder seguir haciendo esta labor para a quienes les falta una cama porque est\u00e1n postrados, porque su situaci\u00f3n es complicada\u201d, enfatiz\u00f3.<\/p>\n\n\n\n<p>El coordinador estatal del sistema IMSS-Bienestar, Gabriel Guti\u00e9rrez Morales, sostuvo que \u201cSalud Casa por Casa\u201d es uno de los programas m\u00e1s humanos, solidarios y transformadores que ha impulsado el gobierno de Claudia Sheinbaum Pardo, con el objetivo de llevar servicios de salud preventiva, atenci\u00f3n b\u00e1sica, orientaci\u00f3n m\u00e9dica y seguimiento, a quienes no pueden acudir a las unidades de atenci\u00f3n primaria.<\/p>\n\n\n\n<p>\u201cEsto no es solo medicina, es acompa\u00f1amiento, es escuchar, es cercan\u00eda, es brindar paz y confianza a quienes m\u00e1s lo necesitan. Es decirle a cada paciente: No est\u00e1 sola, no est\u00e1 solo, estamos contigo\u201d, subray\u00f3.<\/p>\n\n\n\n<p>El delegado de los programas de Bienestar, Carlos Luna V\u00e1zquez, exhort\u00f3 a personal a trabajar de manera incansable todos los d\u00edas y cumplir con las metas establecidas para que el programa federal sea un \u00e9xito en la entidad.<\/p>\n\n\n\n<p>Al evento asisti\u00f3 el subdelegado m\u00e9dico del ISSSTE en Tlaxcala, Leonel V\u00e1zquez Nava, personal m\u00e9dico y&nbsp; servidores de la Naci\u00f3n de la secretar\u00eda de Bienestar Federal, entre otros.<\/p>\n","protected":false},"excerpt":{"rendered":"<p>La gobernadora Lorena Cu\u00e9llar destac\u00f3 que la entidad fue la primera en implementar este modelo de atenci\u00f3n para adultos mayores y personas con discapacidad_ La gobernadora Lorena Cu\u00e9llar Cisneros encabez\u00f3 en Tlaxcala el arranque del programa federal \u201cSalud Casa por Casa\u201d, estrategia impulsada por la presidenta de la Rep\u00fablica, Claudia Sheinbaum Pardo, el cual llevar\u00e1 [&hellip;]<\/p>\n","protected":false},"author":1,"featured_media":51992,"comment_status":"open","ping_status":"open","sticky":false,"template":"","format":"standard","meta":{"advanced_seo_description":"","jetpack_seo_html_title":"","jetpack_seo_noindex":false,"footnotes":"","jetpack_publicize_message":"","jetpack_is_tweetstorm":false,"jetpack_publicize_feature_enabled":true,"jetpack_social_post_already_shared":true,"jetpack_social_options":{"image_generator_settings":{"template":"highway","enabled":false}}},"categories":[5,3],"tags":[],"class_list":["post-51991","post","type-post","status-publish","format-standard","has-post-thumbnail","hentry","category-carrucel","category-gobierno"],"jetpack_publicize_connections":[],"jetpack_featured_media_url":"https:\/\/elcensornoticias.com\/wp-content\/uploads\/2025\/06\/IMG-20250612-WA0005.jpg","jetpack_likes_enabled":true,"jetpack_sharing_enabled":true,"jetpack_shortlink":"https:\/\/wp.me\/p6xy50-dwz","_links":{"self":[{"href":"https:\/\/elcensornoticias.com\/index.php?rest_route=\/wp\/v2\/posts\/51991","targetHints":{"allow":["GET"]}}],"collection":[{"href":"https:\/\/elcensornoticias.com\/index.php?rest_route=\/wp\/v2\/posts"}],"about":[{"href":"https:\/\/elcensornoticias.com\/index.php?rest_route=\/wp\/v2\/types\/post"}],"author":[{"embeddable":true,"href":"https:\/\/elcensornoticias.com\/index.php?rest_route=\/wp\/v2\/users\/1"}],"replies":[{"embeddable":true,"href":"https:\/\/elcensornoticias.com\/index.php?rest_route=%2Fwp%2Fv2%2Fcomments&post=51991"}],"version-history":[{"count":1,"href":"https:\/\/elcensornoticias.com\/index.php?rest_route=\/wp\/v2\/posts\/51991\/revisions"}],"predecessor-version":[{"id":51993,"href":"https:\/\/elcensornoticias.com\/index.php?rest_route=\/wp\/v2\/posts\/51991\/revisions\/51993"}],"wp:featuredmedia":[{"embeddable":true,"href":"https:\/\/elcensornoticias.com\/index.php?rest_route=\/wp\/v2\/media\/51992"}],"wp:attachment":[{"href":"https:\/\/elcensornoticias.com\/index.php?rest_route=%2Fwp%2Fv2%2Fmedia&parent=51991"}],"wp:term":[{"taxonomy":"category","embeddable":true,"href":"https:\/\/elcensornoticias.com\/index.php?rest_route=%2Fwp%2Fv2%2Fcategories&post=51991"},{"taxonomy":"post_tag","embeddable":true,"href":"https:\/\/elcensornoticias.com\/index.php?rest_route=%2Fwp%2Fv2%2Ftags&post=51991"}],"curies":[{"name":"wp","href":"https:\/\/api.w.org\/{rel}","templated":true}]}}