{"id":51988,"date":"2025-06-12T23:40:09","date_gmt":"2025-06-12T23:40:09","guid":{"rendered":"http:\/\/elcensornoticias.com\/?p=51988"},"modified":"2025-06-12T23:42:11","modified_gmt":"2025-06-12T23:42:11","slug":"bronce-para-tlaxcala-en-luchas-asociadas-en-la-olimpiada-nacional-conade","status":"publish","type":"post","link":"https:\/\/elcensornoticias.com\/?p=51988","title":{"rendered":"BRONCE PARA TLAXCALA EN LUCHAS ASOCIADAS EN LA OLIMPIADA NACIONAL CONADE"},"content":{"rendered":"\n<p>En casa, suben al p\u00f3dium Danna Medina Arellano y Mariana Mart\u00ednez Rosas en la rama femenil en el tercer d\u00eda de competencia_<\/p>\n\n\n\n<p>Las j\u00f3venes atletas tlaxcaltecas Danna Medina Arellanos y Mariana Mart\u00ednez Rosas pusieron en alto el nombre del estado al conseguir dos medallas de bronce en la disciplina de Luchas Asociadas en la Olimpiada Nacional Conade 2025, que se celebra en Tlaxcala hasta el 2 de julio.<\/p>\n\n\n\n<p>Danna Medina Arellanos, quien compiti\u00f3 en la categor\u00eda U20 de los 50 kilogramos, se enfrent\u00f3 a una fuerte oponente proveniente del estado de Tamaulipas, logrando un destacado desempe\u00f1o que le vali\u00f3 el tercer lugar en el podio.<\/p>\n\n\n\n<p>Por su parte, Mariana Mart\u00ednez Rosas, participante en la categor\u00eda U17 de los 61 kilogramos, sostuvo un re\u00f1ido combate ante su contrincante de Oaxaca, logrando tambi\u00e9n subir al podio con la medalla de bronce.<\/p>\n\n\n\n<p>La gladiadora expres\u00f3 que \u201ceste triunfo, desde luego, se lo dedico a mis familiares a mis entrenadores y a mis amigos que me han apoyado en todo momento\u00bb.<\/p>\n\n\n\n<p>\u00abMe siento muy contenta de ver qu\u00e9 todo este esfuerzo haya valido la pena\u201d, dijo.<\/p>\n\n\n\n<p>Tales preseas representan un logro importante para el deporte tlaxcalteca y reflejan el esfuerzo, dedicaci\u00f3n y talento de las gladiadoras, as\u00ed como el compromiso de sus entrenadores y del equipo multidisciplinario del Instituto del Deporte de Tlaxcala (IDET) que las respalda.<\/p>\n\n\n\n<p>En este tercer d\u00eda de competencia, tambi\u00e9n tuvieron participaci\u00f3n las tlaxcaltecas Arlet Naomi lim\u00f3n y Valeria Epazote Tlatelpa, quienes dejaron todo su esfuerzo al representar dignamente a Tlaxcala.<\/p>\n\n\n\n<p>La Olimpiada Nacional CONADE 2025 contin\u00faa desarroll\u00e1ndose con la participaci\u00f3n de atletas de todo el pa\u00eds, con la entrada en acci\u00f3n el d\u00eda de ma\u00f1ana de la Gimnasia R\u00edtmica que tendr\u00e1 lugar en el Pabell\u00f3n \u201cA\u201d de la Ciudad Deportiva de Alto Rendimiento en Apizaco.<\/p>\n\n\n\n<p><\/p>\n","protected":false},"excerpt":{"rendered":"<p>En casa, suben al p\u00f3dium Danna Medina Arellano y Mariana Mart\u00ednez Rosas en la rama femenil en el tercer d\u00eda de competencia_ Las j\u00f3venes atletas tlaxcaltecas Danna Medina Arellanos y Mariana Mart\u00ednez Rosas pusieron en alto el nombre del estado al conseguir dos medallas de bronce en la disciplina de Luchas Asociadas en la Olimpiada [&hellip;]<\/p>\n","protected":false},"author":1,"featured_media":51989,"comment_status":"open","ping_status":"open","sticky":false,"template":"","format":"standard","meta":{"advanced_seo_description":"","jetpack_seo_html_title":"","jetpack_seo_noindex":false,"footnotes":"","jetpack_publicize_message":"","jetpack_is_tweetstorm":false,"jetpack_publicize_feature_enabled":true,"jetpack_social_post_already_shared":true,"jetpack_social_options":{"image_generator_settings":{"template":"highway","enabled":false}}},"categories":[25,2],"tags":[],"class_list":["post-51988","post","type-post","status-publish","format-standard","has-post-thumbnail","hentry","category-deportes","category-destacadas"],"jetpack_publicize_connections":[],"jetpack_featured_media_url":"https:\/\/elcensornoticias.com\/wp-content\/uploads\/2025\/06\/IMG-20250611-WA0152.jpg","jetpack_likes_enabled":true,"jetpack_sharing_enabled":true,"jetpack_shortlink":"https:\/\/wp.me\/p6xy50-dww","_links":{"self":[{"href":"https:\/\/elcensornoticias.com\/index.php?rest_route=\/wp\/v2\/posts\/51988","targetHints":{"allow":["GET"]}}],"collection":[{"href":"https:\/\/elcensornoticias.com\/index.php?rest_route=\/wp\/v2\/posts"}],"about":[{"href":"https:\/\/elcensornoticias.com\/index.php?rest_route=\/wp\/v2\/types\/post"}],"author":[{"embeddable":true,"href":"https:\/\/elcensornoticias.com\/index.php?rest_route=\/wp\/v2\/users\/1"}],"replies":[{"embeddable":true,"href":"https:\/\/elcensornoticias.com\/index.php?rest_route=%2Fwp%2Fv2%2Fcomments&post=51988"}],"version-history":[{"count":1,"href":"https:\/\/elcensornoticias.com\/index.php?rest_route=\/wp\/v2\/posts\/51988\/revisions"}],"predecessor-version":[{"id":51990,"href":"https:\/\/elcensornoticias.com\/index.php?rest_route=\/wp\/v2\/posts\/51988\/revisions\/51990"}],"wp:featuredmedia":[{"embeddable":true,"href":"https:\/\/elcensornoticias.com\/index.php?rest_route=\/wp\/v2\/media\/51989"}],"wp:attachment":[{"href":"https:\/\/elcensornoticias.com\/index.php?rest_route=%2Fwp%2Fv2%2Fmedia&parent=51988"}],"wp:term":[{"taxonomy":"category","embeddable":true,"href":"https:\/\/elcensornoticias.com\/index.php?rest_route=%2Fwp%2Fv2%2Fcategories&post=51988"},{"taxonomy":"post_tag","embeddable":true,"href":"https:\/\/elcensornoticias.com\/index.php?rest_route=%2Fwp%2Fv2%2Ftags&post=51988"}],"curies":[{"name":"wp","href":"https:\/\/api.w.org\/{rel}","templated":true}]}}