{"id":35413,"date":"2023-11-18T21:41:47","date_gmt":"2023-11-18T21:41:47","guid":{"rendered":"http:\/\/elcensornoticias.com\/?p=35413"},"modified":"2023-11-18T21:41:49","modified_gmt":"2023-11-18T21:41:49","slug":"promocion-turistica-mediante-la-firma-de-importante-convenio-de-colaboracion-con-asa","status":"publish","type":"post","link":"https:\/\/elcensornoticias.com\/?p=35413","title":{"rendered":"PROMOCI\u00d3N TUR\u00cdSTICA MEDIANTE LA FIRMA DE IMPORTANTE CONVENIO DE COLABORACI\u00d3N CON ASA"},"content":{"rendered":"\n<p>Se busca impulsar el desarrollo de actividades culturales y sociales que maximice el impacto positivo para Tlaxcala<\/p>\n\n\n\n<p>El Gobierno del Estado, a trav\u00e9s de la Secretar\u00eda de Turismo (Secture) sign\u00f3 un importante convenio de colaboraci\u00f3n con Aeropuertos y Servicios Auxiliares (ASA) con el objetivo de fortalecer la promoci\u00f3n tur\u00edstica de Tlaxcala, con estrategias conjuntas que generar\u00e1n resultados favorables para el turismo de la entidad.<\/p>\n\n\n\n<p>La firma de convenio fue encabezada por la titular de la Secture, Josefina Rodr\u00edguez Zamora y el Gerente Comercial de ASA, Alejandro Ramos de Jes\u00fas, en donde acordaron el uso de espacios para la promoci\u00f3n de los diferentes destinos y atractivos de la entidad, en el Aeropuerto Internacional de la Ciudad de Puebla, \u201cHermanos Serd\u00e1n\u201d.<\/p>\n\n\n\n<p>Tambi\u00e9n se busca impulsar el desarrollo de actividades culturales y sociales que maximice el impacto positivo para Tlaxcala, as\u00ed como llegar a una audiencia m\u00e1s amplia y variada.<\/p>\n\n\n\n<p>Rodr\u00edguez Zamora remarc\u00f3 que con este logro para el Gobierno del Estado que encabeza la gobernadora Lorena Cu\u00e9llar Cisneros significar\u00e1 ampliar la visibilidad de Tlaxcala como destino tur\u00edstico y permitir\u00e1 atraer un mayor n\u00famero de turistas nacionales y extranjeros, quienes podr\u00e1n maravillarse con esta hermosa regi\u00f3n.<\/p>\n\n\n\n<p>Asimismo, invit\u00f3 a los sectores social, privado y a la ciudadan\u00eda en general a seguir con el trabajo de manera coordinada en beneficio de este sector, a fin de elevar la calidad y calidez de este destino mediante estrategias innovadoras, que permitan a los turistas vivir una experiencia \u00fanica, m\u00e1gica e inolvidable.<\/p>\n","protected":false},"excerpt":{"rendered":"<p>Se busca impulsar el desarrollo de actividades culturales y sociales que maximice el impacto positivo para Tlaxcala El Gobierno del Estado, a trav\u00e9s de la Secretar\u00eda de Turismo (Secture) sign\u00f3 un importante convenio de colaboraci\u00f3n con Aeropuertos y Servicios Auxiliares (ASA) con el objetivo de fortalecer la promoci\u00f3n tur\u00edstica de Tlaxcala, con estrategias conjuntas que [&hellip;]<\/p>\n","protected":false},"author":1,"featured_media":35414,"comment_status":"open","ping_status":"open","sticky":false,"template":"","format":"standard","meta":{"advanced_seo_description":"","jetpack_seo_html_title":"","jetpack_seo_noindex":false,"footnotes":"","jetpack_publicize_message":"","jetpack_is_tweetstorm":false,"jetpack_publicize_feature_enabled":true,"jetpack_social_post_already_shared":true,"jetpack_social_options":{"image_generator_settings":{"template":"highway","enabled":false}}},"categories":[2,3],"tags":[],"class_list":["post-35413","post","type-post","status-publish","format-standard","has-post-thumbnail","hentry","category-destacadas","category-gobierno"],"jetpack_publicize_connections":[],"jetpack_featured_media_url":"https:\/\/elcensornoticias.com\/wp-content\/uploads\/2023\/11\/IMG-20231118-WA0012.jpg","jetpack_likes_enabled":true,"jetpack_sharing_enabled":true,"jetpack_shortlink":"https:\/\/wp.me\/p6xy50-9db","_links":{"self":[{"href":"https:\/\/elcensornoticias.com\/index.php?rest_route=\/wp\/v2\/posts\/35413","targetHints":{"allow":["GET"]}}],"collection":[{"href":"https:\/\/elcensornoticias.com\/index.php?rest_route=\/wp\/v2\/posts"}],"about":[{"href":"https:\/\/elcensornoticias.com\/index.php?rest_route=\/wp\/v2\/types\/post"}],"author":[{"embeddable":true,"href":"https:\/\/elcensornoticias.com\/index.php?rest_route=\/wp\/v2\/users\/1"}],"replies":[{"embeddable":true,"href":"https:\/\/elcensornoticias.com\/index.php?rest_route=%2Fwp%2Fv2%2Fcomments&post=35413"}],"version-history":[{"count":1,"href":"https:\/\/elcensornoticias.com\/index.php?rest_route=\/wp\/v2\/posts\/35413\/revisions"}],"predecessor-version":[{"id":35415,"href":"https:\/\/elcensornoticias.com\/index.php?rest_route=\/wp\/v2\/posts\/35413\/revisions\/35415"}],"wp:featuredmedia":[{"embeddable":true,"href":"https:\/\/elcensornoticias.com\/index.php?rest_route=\/wp\/v2\/media\/35414"}],"wp:attachment":[{"href":"https:\/\/elcensornoticias.com\/index.php?rest_route=%2Fwp%2Fv2%2Fmedia&parent=35413"}],"wp:term":[{"taxonomy":"category","embeddable":true,"href":"https:\/\/elcensornoticias.com\/index.php?rest_route=%2Fwp%2Fv2%2Fcategories&post=35413"},{"taxonomy":"post_tag","embeddable":true,"href":"https:\/\/elcensornoticias.com\/index.php?rest_route=%2Fwp%2Fv2%2Ftags&post=35413"}],"curies":[{"name":"wp","href":"https:\/\/api.w.org\/{rel}","templated":true}]}}