{"id":35410,"date":"2023-11-18T21:34:27","date_gmt":"2023-11-18T21:34:27","guid":{"rendered":"http:\/\/elcensornoticias.com\/?p=35410"},"modified":"2023-11-18T21:34:29","modified_gmt":"2023-11-18T21:34:29","slug":"sostuvo-gobernadora-lorena-cuellar-reunion-con-su-homologo-de-puebla","status":"publish","type":"post","link":"https:\/\/elcensornoticias.com\/?p=35410","title":{"rendered":"SOSTUVO GOBERNADORA LORENA CU\u00c9LLAR REUNI\u00d3N CON SU HOM\u00d3LOGO DE PUEBLA"},"content":{"rendered":"\n<p>Se trabajar\u00e1 en coordinaci\u00f3n para llevar a cabo diversos proyectos&nbsp;<\/p>\n\n\n\n<p>Con la finalidad de dialogar y trabajar en diversos temas en beneficio de la poblaci\u00f3n tlaxcalteca y poblana, la gobernadora Lorena Cu\u00e9llar Cisneros sostuvo una reuni\u00f3n este d\u00eda con su hom\u00f3logo de Puebla, Sergio Salom\u00f3n C\u00e9spedes Peregrina.<\/p>\n\n\n\n<p>Entre los asuntos de importancia abordados para trabajar de manera conjunta destacan proyectos de seguridad, infraestructura y medio ambiente.&nbsp;<\/p>\n\n\n\n<p>Al respecto, la titular del Ejecutivo local se\u00f1al\u00f3 que \u00abel gobernador es un gran aliado de los tlaxcaltecas, amigo y un gran ser humano, pues en este tiempo que llevamos de conocernos hemos estrechado lazos para siempre. Me siento muy contenta de saber que hoy se hace un verdadero equipo entre Puebla y Tlaxcala\u00bb.<\/p>\n\n\n\n<p>En su intervenci\u00f3n, el gobernador de Puebla, Sergio Salom\u00f3n ratific\u00f3 el compromiso y disposici\u00f3n de su administraci\u00f3n para trabajar de manera conjunta y coordinada con las autoridades de Tlaxcala.<\/p>\n\n\n\n<p>En compa\u00f1\u00eda de la mandataria estatal, estuvieron los Secretarios de Gobierno (Segob), Luis Antonio Ram\u00edrez Hern\u00e1ndez, de Seguridad Ciudadana (SSC), Alberto Mart\u00edn Perea Marrufo, de Movilidad y Transporte (SMyT), Marco Tulio Munive Temoltzin y el encargado de despacho de la Secretar\u00eda de Medio Ambiente (SMA), Pedro Aquino Alvarado para concretar los trabajos necesarios.<\/p>\n\n\n\n<p>Mientras que en compa\u00f1\u00eda de C\u00e9spedes Peregrina acudi\u00f3 el secretario gobierno (Segob), Javier Aquino Lim\u00f3n, de Seguridad P\u00fablica (SSP), Daniel Iv\u00e1n Cruz Luna, entre otras personalidades.<\/p>\n","protected":false},"excerpt":{"rendered":"<p>Se trabajar\u00e1 en coordinaci\u00f3n para llevar a cabo diversos proyectos&nbsp; Con la finalidad de dialogar y trabajar en diversos temas en beneficio de la poblaci\u00f3n tlaxcalteca y poblana, la gobernadora Lorena Cu\u00e9llar Cisneros sostuvo una reuni\u00f3n este d\u00eda con su hom\u00f3logo de Puebla, Sergio Salom\u00f3n C\u00e9spedes Peregrina. Entre los asuntos de importancia abordados para trabajar [&hellip;]<\/p>\n","protected":false},"author":1,"featured_media":35411,"comment_status":"open","ping_status":"open","sticky":false,"template":"","format":"standard","meta":{"advanced_seo_description":"","jetpack_seo_html_title":"","jetpack_seo_noindex":false,"footnotes":"","jetpack_publicize_message":"","jetpack_is_tweetstorm":false,"jetpack_publicize_feature_enabled":true,"jetpack_social_post_already_shared":true,"jetpack_social_options":{"image_generator_settings":{"template":"highway","enabled":false}}},"categories":[5,3],"tags":[],"class_list":["post-35410","post","type-post","status-publish","format-standard","has-post-thumbnail","hentry","category-carrucel","category-gobierno"],"jetpack_publicize_connections":[],"jetpack_featured_media_url":"https:\/\/elcensornoticias.com\/wp-content\/uploads\/2023\/11\/IMG-20231117-WA0101-scaled.jpg","jetpack_likes_enabled":true,"jetpack_sharing_enabled":true,"jetpack_shortlink":"https:\/\/wp.me\/p6xy50-9d8","_links":{"self":[{"href":"https:\/\/elcensornoticias.com\/index.php?rest_route=\/wp\/v2\/posts\/35410","targetHints":{"allow":["GET"]}}],"collection":[{"href":"https:\/\/elcensornoticias.com\/index.php?rest_route=\/wp\/v2\/posts"}],"about":[{"href":"https:\/\/elcensornoticias.com\/index.php?rest_route=\/wp\/v2\/types\/post"}],"author":[{"embeddable":true,"href":"https:\/\/elcensornoticias.com\/index.php?rest_route=\/wp\/v2\/users\/1"}],"replies":[{"embeddable":true,"href":"https:\/\/elcensornoticias.com\/index.php?rest_route=%2Fwp%2Fv2%2Fcomments&post=35410"}],"version-history":[{"count":1,"href":"https:\/\/elcensornoticias.com\/index.php?rest_route=\/wp\/v2\/posts\/35410\/revisions"}],"predecessor-version":[{"id":35412,"href":"https:\/\/elcensornoticias.com\/index.php?rest_route=\/wp\/v2\/posts\/35410\/revisions\/35412"}],"wp:featuredmedia":[{"embeddable":true,"href":"https:\/\/elcensornoticias.com\/index.php?rest_route=\/wp\/v2\/media\/35411"}],"wp:attachment":[{"href":"https:\/\/elcensornoticias.com\/index.php?rest_route=%2Fwp%2Fv2%2Fmedia&parent=35410"}],"wp:term":[{"taxonomy":"category","embeddable":true,"href":"https:\/\/elcensornoticias.com\/index.php?rest_route=%2Fwp%2Fv2%2Fcategories&post=35410"},{"taxonomy":"post_tag","embeddable":true,"href":"https:\/\/elcensornoticias.com\/index.php?rest_route=%2Fwp%2Fv2%2Ftags&post=35410"}],"curies":[{"name":"wp","href":"https:\/\/api.w.org\/{rel}","templated":true}]}}