{"id":35406,"date":"2023-11-18T01:13:27","date_gmt":"2023-11-18T01:13:27","guid":{"rendered":"http:\/\/elcensornoticias.com\/?p=35406"},"modified":"2023-11-18T01:13:29","modified_gmt":"2023-11-18T01:13:29","slug":"otorgo-gobernadora-premio-estatal-al-merito-ganadero-2023","status":"publish","type":"post","link":"https:\/\/elcensornoticias.com\/?p=35406","title":{"rendered":"OTORG\u00d3 GOBERNADORA \u201cPREMIO ESTATAL AL M\u00c9RITO GANADERO 2023\u201d"},"content":{"rendered":"\n<p>Tambi\u00e9n se reconoci\u00f3 y entreg\u00f3 premio por el M\u00e9rito de la Agricultura y el de Agroindustrial<\/p>\n\n\n\n<p>La gobernadora de Tlaxcala, Lorena Cu\u00e9llar Cisneros, entreg\u00f3 el \u00abPremio Estatal al M\u00e9rito Ganadero 2023\u00bb que se realiza de forma anual y, por primera vez, tambi\u00e9n fueron entregados por los m\u00e9ritos de la agricultura y agroindustrial con la finalidad de reconocer la trayectoria de las personas dedicadas a la producci\u00f3n agr\u00edcola, pecuaria y de transformaci\u00f3n de productos provenientes del sector agropecuario.<\/p>\n\n\n\n<p>En su mensaje, asegur\u00f3 que su gobierno busca beneficiar a los sectores m\u00e1s necesitados y \u201chacer una nueva historia\u201d para cambiar la vida de los tlaxcaltecas que d\u00eda a d\u00eda con esfuerzo y dedicaci\u00f3n aportan al crecimiento y desarrollo del estado en diferentes \u00e1mbitos.&nbsp;&nbsp;<\/p>\n\n\n\n<p>Cu\u00e9llar Cisneros se\u00f1al\u00f3 que \u201cque para m\u00ed es muy importante que el campo se siga fortaleciendo, que sigan sintiendo la mano de su gobernadora y que sigan trabajando como hasta ahora, y mucho m\u00e1s, que hoy demostremos que podemos sacar adelante el campo\u201d.<\/p>\n\n\n\n<p>Record\u00f3 que su administraci\u00f3n ten\u00eda el compromiso de construir 500 jag\u00fceyes en los seis a\u00f1os de gobierno; sin embargo, ya se rebas\u00f3 la meta y se llevan 531 hasta la fecha, lo que refrenda su compromiso con el campo.<\/p>\n\n\n\n<p>Durante su intervenci\u00f3n, el titular de la Secretar\u00eda de Impulso Agropecuario (SIA), Rafael de la Pe\u00f1a Bernal, explic\u00f3 que este a\u00f1o se otorgaron tres premios diferentes para atender la encomienda de la gobernadora Lorena Cu\u00e9llar sobre reconocer la labor de otros sectores agropecuarios y no solo el ganadero.&nbsp;&nbsp;<\/p>\n\n\n\n<p>Ante los productores asistentes, reconoci\u00f3 el trabajo que realizan en beneficio del estado y el pa\u00eds y asegur\u00f3 que \u201ceste reconocimiento es para todos ya que a trav\u00e9s de este mismo nosotros estamos comprobando que en Tlaxcala s\u00ed se hace una nueva historia y de diferente manera\u201d.&nbsp;<\/p>\n\n\n\n<p>Mientras que el ganador del premio estatal al M\u00e9rito Ganadero, David Mu\u00f1oz Hern\u00e1ndez, agradeci\u00f3 el galard\u00f3n y el apoyo del gobierno estatal por lograr que su producto ya sea la marca y tenga sellado el empaque para que el p\u00fablico aprecie mejor y lo reconozca.<\/p>\n\n\n\n<p>A su vez, la ganadora por el m\u00e9rito Agroindustrial, Josefa Jim\u00e9nez Aguilar, resalt\u00f3 el apoyo que la actual administraci\u00f3n ha brindado a las mujeres, al tiempo que dijo que \u201cgracias a las herramientas que nos ha brindado con programas estatales, hemos logrado dar el valor agregado al nopal en productos de calidad saludables\u201d.<\/p>\n\n\n\n<p>Por \u00faltimo, el galardonado por el m\u00e9rito de la Agricultura, Jos\u00e9 Felipe Cornelio Hern\u00e1ndez Rojas, tambi\u00e9n agradeci\u00f3 a la gobernadora el apoyo y el impulso al programa de mejoramiento del ma\u00edz nativo y dem\u00e1s programas que ayudan a que el campo se cultive de una manera sustentable.&nbsp;<\/p>\n\n\n\n<p>En la ceremonia tambi\u00e9n estuvieron la presidenta del Patronato para las Exposiciones y Ferias en la Ciudad de Tlaxcala, Rosa Elena Nava Garc\u00eda M\u00e9ndez, el titular de la Secretar\u00eda de Agricultura y Desarrollo Rural (Sader) en el estado, Misael del Razo Hern\u00e1ndez, as\u00ed como productoras y productores de la entidad.<\/p>\n","protected":false},"excerpt":{"rendered":"<p>Tambi\u00e9n se reconoci\u00f3 y entreg\u00f3 premio por el M\u00e9rito de la Agricultura y el de Agroindustrial La gobernadora de Tlaxcala, Lorena Cu\u00e9llar Cisneros, entreg\u00f3 el \u00abPremio Estatal al M\u00e9rito Ganadero 2023\u00bb que se realiza de forma anual y, por primera vez, tambi\u00e9n fueron entregados por los m\u00e9ritos de la agricultura y agroindustrial con la finalidad [&hellip;]<\/p>\n","protected":false},"author":1,"featured_media":35407,"comment_status":"open","ping_status":"open","sticky":false,"template":"","format":"standard","meta":{"advanced_seo_description":"","jetpack_seo_html_title":"","jetpack_seo_noindex":false,"footnotes":"","jetpack_publicize_message":"","jetpack_is_tweetstorm":false,"jetpack_publicize_feature_enabled":true,"jetpack_social_post_already_shared":true,"jetpack_social_options":{"image_generator_settings":{"template":"highway","enabled":false}}},"categories":[5,3],"tags":[],"class_list":["post-35406","post","type-post","status-publish","format-standard","has-post-thumbnail","hentry","category-carrucel","category-gobierno"],"jetpack_publicize_connections":[],"jetpack_featured_media_url":"https:\/\/elcensornoticias.com\/wp-content\/uploads\/2023\/11\/IMG-20231117-WA0086.jpg","jetpack_likes_enabled":true,"jetpack_sharing_enabled":true,"jetpack_shortlink":"https:\/\/wp.me\/p6xy50-9d4","_links":{"self":[{"href":"https:\/\/elcensornoticias.com\/index.php?rest_route=\/wp\/v2\/posts\/35406","targetHints":{"allow":["GET"]}}],"collection":[{"href":"https:\/\/elcensornoticias.com\/index.php?rest_route=\/wp\/v2\/posts"}],"about":[{"href":"https:\/\/elcensornoticias.com\/index.php?rest_route=\/wp\/v2\/types\/post"}],"author":[{"embeddable":true,"href":"https:\/\/elcensornoticias.com\/index.php?rest_route=\/wp\/v2\/users\/1"}],"replies":[{"embeddable":true,"href":"https:\/\/elcensornoticias.com\/index.php?rest_route=%2Fwp%2Fv2%2Fcomments&post=35406"}],"version-history":[{"count":1,"href":"https:\/\/elcensornoticias.com\/index.php?rest_route=\/wp\/v2\/posts\/35406\/revisions"}],"predecessor-version":[{"id":35408,"href":"https:\/\/elcensornoticias.com\/index.php?rest_route=\/wp\/v2\/posts\/35406\/revisions\/35408"}],"wp:featuredmedia":[{"embeddable":true,"href":"https:\/\/elcensornoticias.com\/index.php?rest_route=\/wp\/v2\/media\/35407"}],"wp:attachment":[{"href":"https:\/\/elcensornoticias.com\/index.php?rest_route=%2Fwp%2Fv2%2Fmedia&parent=35406"}],"wp:term":[{"taxonomy":"category","embeddable":true,"href":"https:\/\/elcensornoticias.com\/index.php?rest_route=%2Fwp%2Fv2%2Fcategories&post=35406"},{"taxonomy":"post_tag","embeddable":true,"href":"https:\/\/elcensornoticias.com\/index.php?rest_route=%2Fwp%2Fv2%2Ftags&post=35406"}],"curies":[{"name":"wp","href":"https:\/\/api.w.org\/{rel}","templated":true}]}}