{"id":35403,"date":"2023-11-18T01:12:01","date_gmt":"2023-11-18T01:12:01","guid":{"rendered":"http:\/\/elcensornoticias.com\/?p=35403"},"modified":"2023-11-18T01:12:03","modified_gmt":"2023-11-18T01:12:03","slug":"coloco-gobernadora-primera-piedra-del-cedis-walmart-en-huamantla","status":"publish","type":"post","link":"https:\/\/elcensornoticias.com\/?p=35403","title":{"rendered":"COLOC\u00d3 GOBERNADORA PRIMERA PIEDRA DEL CEDIS WALMART EN HUAMANTLA"},"content":{"rendered":"\n<p>La obra se culminar\u00e1 en aproximadamente 24 meses y detonar\u00e1 la econom\u00eda de la regi\u00f3n&nbsp;<\/p>\n\n\n\n<p>La titular del Ejecutivo local, Lorena Cu\u00e9llar Cisneros y ejecutivos del corporativo multinacional Walmart colocaron la primera piedra del Centro de Distribuci\u00f3n (Cedis) Walmart Tlaxcala, que se ubicar\u00e1 en el municipio de Huamantla y que tendr\u00e1 una inversi\u00f3n privada superior a los 4 mil 800 millones de pesos.<\/p>\n\n\n\n<p>Ante los ejecutivos del corporativo estadounidense, la mandataria estatal sostuvo que la nueva inversi\u00f3n de Walmart en Tlaxcala se reflejar\u00e1 en el bienestar de muchas familias, con la generaci\u00f3n en un inicio de m\u00e1s de 900 empleos directos e indirectos y que se proyecta estar\u00e1 listo en 24 meses.<\/p>\n\n\n\n<p>\u201cLlev\u00e1bamos dos a\u00f1os de espera, dos a\u00f1os que hab\u00edamos estado trabajando y que indudablemente para m\u00ed era de urgencia poder lograr este proyecto tan importante para Tlaxcala; aprecio mucho la invitaci\u00f3n de los ejecutivos para estar en este arranque y tengan la seguridad de que llegan a un estado que siempre estar\u00e1 al pendiente de todas sus necesidades y caminar juntos\u201d, sostuvo.<\/p>\n\n\n\n<p>Destac\u00f3 que la obra albergar\u00e1 el Centro de distribuci\u00f3n Walmart m\u00e1s avanzado en la zona centro del pa\u00eds, que abastecer\u00e1 a los estados de Puebla, Veracruz, Hidalgo, Oaxaca y la Ciudad de M\u00e9xico.<\/p>\n\n\n\n<p>Cu\u00e9llar Cisneros dijo que como tlaxcalteca es un orgullo que la entidad sea vista por los inversionistas como una tierra de gran potencial donde las empresas crecen, \u201cno s\u00e9 equivocaron al confiar en Tlaxcala y en nuestra mano de obra. Nuestro estado est\u00e1 lleno de personas trabajadoras, honestas y con una \u00e9tica laboral impecable\u201d.<\/p>\n\n\n\n<p>Finalmente, la mandataria estatal reconoci\u00f3 que la instalaci\u00f3n del Cedis permitir\u00e1 a la entidad contar con un banco de alimentos \u201cpara abatir la pobreza alimentaria y que no sean nada m\u00e1s 80 mil personas que hayan salido de la pobreza, que sean muchos m\u00e1s y s\u00e9 que juntos tambi\u00e9n estaremos trabajando en equipo\u201d.<\/p>\n\n\n\n<p>En su mensaje, el vicepresidente de Asuntos Corporativos de Walmart de M\u00e9xico y Centroam\u00e9rica, Javier Trevi\u00f1o Cant\u00fa, destac\u00f3 que con 21 a\u00f1os de presencia en Tlaxcala operan con 19 tiendas y clubes que representan una inversi\u00f3n de mil 800 millones de pesos y generan m\u00e1s de mil 300 empleos directos permanentes.<\/p>\n\n\n\n<p>\u201cEl pr\u00f3ximo Cedis de nuestra empresa, ubicado aqu\u00ed en este gran municipio, en este gran estado, contar\u00e1 con una capacidad de atenci\u00f3n para m\u00e1s de 680 tiendas en seis estados del pa\u00eds. Pero esta unidad se suma a la red de 22 centros de distribuci\u00f3n que la empresa opera actualmente en M\u00e9xico, en Centroam\u00e9rica es el centro n\u00famero 33\u201d, acot\u00f3.<\/p>\n\n\n\n<p>El ejecutivo subray\u00f3 que su presencia en Tlaxcala tiene un gran compromiso: \u201cVamos a contribuir al desarrollo econ\u00f3mico del estado y del pa\u00eds; y lo vemos y hemos sido testigos de que Tlaxcala est\u00e1 trayendo inversiones de empresas nacionales e internacionales, eso lo celebramos\u201d.<\/p>\n\n\n\n<p>A su vez, el vicepresidente de Log\u00edstica de Walmart de M\u00e9xico y Centroam\u00e9rica, Sandro Norberto, destac\u00f3 que el Cendis significa la oportunidad de llegar a m\u00e1s clientes y socios de bodegas Aurrera, Sams club, o Mars Express y S\u00faper Center.<\/p>\n\n\n\n<p>Mientras, el secretario de Desarrollo Econ\u00f3mico (Sedeco), Javier Marroqu\u00edn Calder\u00f3n, resalt\u00f3 que Tlaxcala es el mejor lugar para invertir, debido a que en 26 meses de gobierno, en 15 ha reportado el menor \u00edndice delictivo; \u201ctodo esto es gracias al esfuerzo que le ha puesto gobernadora, le agradezco, porque si no hay seguridad es muy complicado que haya desarrollo econ\u00f3mico y que haya inversiones\u201d.&nbsp;<\/p>\n\n\n\n<p>En tanto, el presidente municipal de Huamantla, Juan Salvador Santos Cedillo, agradeci\u00f3 el trabajo coordinado entre autoridades estatales y la iniciativa privada para lograr la instalaci\u00f3n del Cedis.<\/p>\n\n\n\n<p>En el evento estuvieron la presidenta honor\u00edfica del Comit\u00e9 Consultivo de Bienestar y Desarrollo Social del Estado, Fernanda Espinosa de los Monteros Cu\u00e9llar; la presidenta de la Mesa Directiva del Congreso, M\u00f3nica S\u00e1nchez Angulo; el presidente de la Comisi\u00f3n de Desarrollo Econ\u00f3mico del Congreso, Jos\u00e9 Gilberto Temoltzin Mart\u00ednez; y el secretario de Ordenamiento Territorial y Vivienda, David Guerreo Tapia, ente otras autoridades.<\/p>\n","protected":false},"excerpt":{"rendered":"<p>La obra se culminar\u00e1 en aproximadamente 24 meses y detonar\u00e1 la econom\u00eda de la regi\u00f3n&nbsp; La titular del Ejecutivo local, Lorena Cu\u00e9llar Cisneros y ejecutivos del corporativo multinacional Walmart colocaron la primera piedra del Centro de Distribuci\u00f3n (Cedis) Walmart Tlaxcala, que se ubicar\u00e1 en el municipio de Huamantla y que tendr\u00e1 una inversi\u00f3n privada superior [&hellip;]<\/p>\n","protected":false},"author":1,"featured_media":35404,"comment_status":"open","ping_status":"open","sticky":false,"template":"","format":"standard","meta":{"advanced_seo_description":"","jetpack_seo_html_title":"","jetpack_seo_noindex":false,"footnotes":"","jetpack_publicize_message":"","jetpack_is_tweetstorm":false,"jetpack_publicize_feature_enabled":true,"jetpack_social_post_already_shared":true,"jetpack_social_options":{"image_generator_settings":{"template":"highway","enabled":false}}},"categories":[5,3],"tags":[],"class_list":["post-35403","post","type-post","status-publish","format-standard","has-post-thumbnail","hentry","category-carrucel","category-gobierno"],"jetpack_publicize_connections":[],"jetpack_featured_media_url":"https:\/\/elcensornoticias.com\/wp-content\/uploads\/2023\/11\/IMG-20231117-WA0077.jpg","jetpack_likes_enabled":true,"jetpack_sharing_enabled":true,"jetpack_shortlink":"https:\/\/wp.me\/p6xy50-9d1","_links":{"self":[{"href":"https:\/\/elcensornoticias.com\/index.php?rest_route=\/wp\/v2\/posts\/35403","targetHints":{"allow":["GET"]}}],"collection":[{"href":"https:\/\/elcensornoticias.com\/index.php?rest_route=\/wp\/v2\/posts"}],"about":[{"href":"https:\/\/elcensornoticias.com\/index.php?rest_route=\/wp\/v2\/types\/post"}],"author":[{"embeddable":true,"href":"https:\/\/elcensornoticias.com\/index.php?rest_route=\/wp\/v2\/users\/1"}],"replies":[{"embeddable":true,"href":"https:\/\/elcensornoticias.com\/index.php?rest_route=%2Fwp%2Fv2%2Fcomments&post=35403"}],"version-history":[{"count":1,"href":"https:\/\/elcensornoticias.com\/index.php?rest_route=\/wp\/v2\/posts\/35403\/revisions"}],"predecessor-version":[{"id":35405,"href":"https:\/\/elcensornoticias.com\/index.php?rest_route=\/wp\/v2\/posts\/35403\/revisions\/35405"}],"wp:featuredmedia":[{"embeddable":true,"href":"https:\/\/elcensornoticias.com\/index.php?rest_route=\/wp\/v2\/media\/35404"}],"wp:attachment":[{"href":"https:\/\/elcensornoticias.com\/index.php?rest_route=%2Fwp%2Fv2%2Fmedia&parent=35403"}],"wp:term":[{"taxonomy":"category","embeddable":true,"href":"https:\/\/elcensornoticias.com\/index.php?rest_route=%2Fwp%2Fv2%2Fcategories&post=35403"},{"taxonomy":"post_tag","embeddable":true,"href":"https:\/\/elcensornoticias.com\/index.php?rest_route=%2Fwp%2Fv2%2Ftags&post=35403"}],"curies":[{"name":"wp","href":"https:\/\/api.w.org\/{rel}","templated":true}]}}