{"id":35400,"date":"2023-11-18T01:10:29","date_gmt":"2023-11-18T01:10:29","guid":{"rendered":"http:\/\/elcensornoticias.com\/?p=35400"},"modified":"2023-11-18T01:10:32","modified_gmt":"2023-11-18T01:10:32","slug":"brinda-oficina-local-de-proteccion-de-defensores-de-derechos-humanos-acompanamiento-y-seguimiento-juridico","status":"publish","type":"post","link":"https:\/\/elcensornoticias.com\/?p=35400","title":{"rendered":"BRINDA OFICINA LOCAL DE PROTECCI\u00d3N DE DEFENSORES DE DERECHOS HUMANOS ACOMPA\u00d1AMIENTO Y SEGUIMIENTO JUR\u00cdDICO"},"content":{"rendered":"\n<p>En estricto apego a lo estipulado en el Cap\u00edtulo II, Art\u00edculo 3 del Decreto de Creaci\u00f3n de la Oficina para la Protecci\u00f3n de Personas Defensoras de Derechos Humanos y Periodistas adscrita a la Secretar\u00eda de Gobierno (Segob) que establece \u201cel acompa\u00f1amiento a los peticionarios y acciones locales de protecci\u00f3n\u201d, se brind\u00f3 acompa\u00f1amiento a un grupo de activistas de derechos humanos en los municipios de Apizaco, Zacatelco y Tlaxcala, as\u00ed como&nbsp; seguimiento jur\u00eddico a un periodista en Ciudad Judicial.&nbsp;<\/p>\n\n\n\n<p>Lo anterior de acuerdo con los lineamientos establecidos en el Cap\u00edtulo III denominado Coordinaci\u00f3n para la Protecci\u00f3n en su Art\u00edculo 7 numeral III que establece \u201crealizar el seguimiento puntual de las Medidas de Prevenci\u00f3n, Medidas Preventivas, Medidas de Protecci\u00f3n y Medidas Urgentes de Protecci\u00f3n implementadas en el estado de Tlaxcala\u201d.<\/p>\n\n\n\n<p>Al respecto, el titular V\u00edctor Manuel \u00c1vila Garc\u00eda coment\u00f3 que, con estas acciones, se refrenda el compromiso de atender la seguridad de los periodistas y defensores de derechos humanos que sean agredidos ante cualquier circunstancia.<\/p>\n\n\n\n<p>Para ello, invit\u00f3 a estos sectores a acudir a la Oficina Local ubicada en calle 15 n\u00famero 1204, esquina con calle 14, colonia Loma Xicoht\u00e9ncatl en caso de requerir asesor\u00eda o la atenci\u00f3n necesaria por situaci\u00f3n de riesgo durante el ejercicio de sus funciones.<\/p>\n\n\n\n<p>De la misma manera pueden comunicarse a la l\u00ednea telef\u00f3nica de la Oficina Local 246 46 67719 o bien escribir al correo electr\u00f3nico defensoresdhyperiodistas.segob@tlaxcala.gob.mx<\/p>\n","protected":false},"excerpt":{"rendered":"<p>En estricto apego a lo estipulado en el Cap\u00edtulo II, Art\u00edculo 3 del Decreto de Creaci\u00f3n de la Oficina para la Protecci\u00f3n de Personas Defensoras de Derechos Humanos y Periodistas adscrita a la Secretar\u00eda de Gobierno (Segob) que establece \u201cel acompa\u00f1amiento a los peticionarios y acciones locales de protecci\u00f3n\u201d, se brind\u00f3 acompa\u00f1amiento a un grupo [&hellip;]<\/p>\n","protected":false},"author":1,"featured_media":35401,"comment_status":"open","ping_status":"open","sticky":false,"template":"","format":"standard","meta":{"advanced_seo_description":"","jetpack_seo_html_title":"","jetpack_seo_noindex":false,"footnotes":"","jetpack_publicize_message":"","jetpack_is_tweetstorm":false,"jetpack_publicize_feature_enabled":true,"jetpack_social_post_already_shared":true,"jetpack_social_options":{"image_generator_settings":{"template":"highway","enabled":false}}},"categories":[2,3],"tags":[],"class_list":["post-35400","post","type-post","status-publish","format-standard","has-post-thumbnail","hentry","category-destacadas","category-gobierno"],"jetpack_publicize_connections":[],"jetpack_featured_media_url":"https:\/\/elcensornoticias.com\/wp-content\/uploads\/2023\/11\/IMG-20231117-WA0059.jpg","jetpack_likes_enabled":true,"jetpack_sharing_enabled":true,"jetpack_shortlink":"https:\/\/wp.me\/p6xy50-9cY","_links":{"self":[{"href":"https:\/\/elcensornoticias.com\/index.php?rest_route=\/wp\/v2\/posts\/35400","targetHints":{"allow":["GET"]}}],"collection":[{"href":"https:\/\/elcensornoticias.com\/index.php?rest_route=\/wp\/v2\/posts"}],"about":[{"href":"https:\/\/elcensornoticias.com\/index.php?rest_route=\/wp\/v2\/types\/post"}],"author":[{"embeddable":true,"href":"https:\/\/elcensornoticias.com\/index.php?rest_route=\/wp\/v2\/users\/1"}],"replies":[{"embeddable":true,"href":"https:\/\/elcensornoticias.com\/index.php?rest_route=%2Fwp%2Fv2%2Fcomments&post=35400"}],"version-history":[{"count":1,"href":"https:\/\/elcensornoticias.com\/index.php?rest_route=\/wp\/v2\/posts\/35400\/revisions"}],"predecessor-version":[{"id":35402,"href":"https:\/\/elcensornoticias.com\/index.php?rest_route=\/wp\/v2\/posts\/35400\/revisions\/35402"}],"wp:featuredmedia":[{"embeddable":true,"href":"https:\/\/elcensornoticias.com\/index.php?rest_route=\/wp\/v2\/media\/35401"}],"wp:attachment":[{"href":"https:\/\/elcensornoticias.com\/index.php?rest_route=%2Fwp%2Fv2%2Fmedia&parent=35400"}],"wp:term":[{"taxonomy":"category","embeddable":true,"href":"https:\/\/elcensornoticias.com\/index.php?rest_route=%2Fwp%2Fv2%2Fcategories&post=35400"},{"taxonomy":"post_tag","embeddable":true,"href":"https:\/\/elcensornoticias.com\/index.php?rest_route=%2Fwp%2Fv2%2Ftags&post=35400"}],"curies":[{"name":"wp","href":"https:\/\/api.w.org\/{rel}","templated":true}]}}