{"id":35397,"date":"2023-11-18T01:08:38","date_gmt":"2023-11-18T01:08:38","guid":{"rendered":"http:\/\/elcensornoticias.com\/?p=35397"},"modified":"2023-11-18T01:08:41","modified_gmt":"2023-11-18T01:08:41","slug":"el-ayuntamiento-de-chiautempan-y-grupo-providencia-realizaran-la-villa-de-los-suenos","status":"publish","type":"post","link":"https:\/\/elcensornoticias.com\/?p=35397","title":{"rendered":"EL AYUNTAMIENTO DE CHIAUTEMPAN Y GRUPO PROVIDENCIA REALIZAR\u00c1N \u201cLA VILLA DE LOS SUE\u00d1OS\u201d"},"content":{"rendered":"\n<p>Para el Gran Bailazo Navide\u00f1o del pr\u00f3ximo 24 de noviembre se contar\u00e1 con los grupos Black Power, Ali Telez y su Grupo Telechikoz y el Grupo RMT, evento totalmente gratuito.&nbsp;<\/p>\n\n\n\n<p>El Ayuntamiento de Chiautempan en coordinaci\u00f3n con Grupo Textil Providencia, presentaron el programa general del Festival \u201cVilla de los Sue\u00f1os Providencia 2023\u201d.<\/p>\n\n\n\n<p>En los portales de la ex Presidencia, el Presidente Municipal Gustavo Jim\u00e9nez Romero resalt\u00f3 que en esta \u00faltima oportunidad de realizar este evento, su administraci\u00f3n pondr\u00e1 todo el empe\u00f1o para que la ciudadan\u00eda disfrute est\u00e1s fiestas decembrinas en paz y armon\u00eda.<\/p>\n\n\n\n<p>\u201cGracias a las y los chiautempenses que me dieron la oportunidad de servirles, hemos organizado tres festivales navide\u00f1os junto al Grupo Providencia, a quien agradezco todo su apoyo, disposici\u00f3n y creatividad para hacer posible que estas fechas las familias y visitantes disfruten de los muchos atractivos que tiene el municipio\u201d, reiter\u00f3 Jim\u00e9nez Romero.<\/p>\n\n\n\n<p>Por parte del Grupo Providencia, Mar\u00eda del \u00c1ngel Aguilar record\u00f3 que desde el a\u00f1o 2008 este grupo ha participado en el desfile navide\u00f1o y con la realizaci\u00f3n de la vi\u00f1a navide\u00f1a, eventos atractivos que benefician a todos y que permiten la reactivaci\u00f3n de la econom\u00eda local.<\/p>\n\n\n\n<p>En su intervenci\u00f3n, el Director de Seguridad P\u00fablica y Vialidad, Jes\u00fas Herrera Moreno puntualiz\u00f3 que se prepara un importante operativo de seguridad en coordinaci\u00f3n con la Secretar\u00eda de Seguridad Ciudadana (SSC) e instancias federales para resguardar a las y los chiautempenses, visitantes y comercios, ya que se busca tener saldo blanco durante estas fechas decembrinas.<\/p>\n\n\n\n<p>De acuerdo al Director de Protecci\u00f3n y Patrimonio Cultural, Jes\u00fas Abraham Fragoso Mendoza, el festival dar\u00e1 inicio el 24 de noviembre a la 18:00 horas con el concierto navide\u00f1o en el parque Ju\u00e1rez; a las 19:00 horas el tradicional desfile navide\u00f1o 2023 por las principales calles de la ciudad; a las 20:45 horas se realizar\u00e1 el encendido del \u00e1rbol de los Sue\u00f1os Providencia en el Parque Ju\u00e1rez y a las 21:00 horas gran baile navide\u00f1o.<\/p>\n\n\n\n<p>El viernes 1 de diciembre a las 19:00 horas, se presentar\u00e1 la escuela musical Coral de Tlaxcala con \u00abVillancicos en la Ciudad\u00bb en el Parque Ju\u00e1rez.<\/p>\n\n\n\n<p>Para el viernes 8 de diciembre a las 17:30 horas, el tradicional danz\u00f3n navide\u00f1o con orquesta en vivo en el Parque Ju\u00e1rez.<\/p>\n\n\n\n<p>En el caso del 15 de diciembre las actividades ser\u00e1n en el parque Ju\u00e1rez iniciando a las 16:30 horas con el concierto navide\u00f1o con villancicos por la rondalla de la Iglesia Cristiana Interdenominacional A.R; a las 17:30 horas se llevar\u00e1 a cabo la Gran Posada Infantil organizada por el SMDIF y a las 19:00 horas la presentaci\u00f3n de la pastorela c\u00f3mica \u201cPastores a Bel\u00e9n\u201d de la compa\u00f1\u00eda teatral Espejo Ilusi\u00f3n.<\/p>\n\n\n\n<p>Finalmente, el 22 de diciembre a las 18:00 horas, se realizar\u00e1 el gran Festival del Taco y el Ponche 2023 con la participaci\u00f3n de comerciantes y taquer\u00eda del municipio; a las 20:00 horas el concierto de villancicos navide\u00f1os por los coros del Centro de Formaci\u00f3n Coral y Musical de Tlaxcala, Volcaterra A.C y a las 21:00 horas gran baile de Noche Buena en el parque Ju\u00e1rez.<\/p>\n\n\n\n<p>A esta rueda de prensa asisti\u00f3 Jos\u00e9 Andr\u00e9s S\u00e1nchez Palacios, Titular de la Unidad de Medio Ambiente en representaci\u00f3n de la Presidenta Honor\u00edfica del SMDIF, M\u00f3nica Jim\u00e9nez Ram\u00edrez; as\u00ed como de Juan Carlos Valdez Hern\u00e1ndez, Presidente de Cabalgata Tlaxcala.<\/p>\n","protected":false},"excerpt":{"rendered":"<p>Para el Gran Bailazo Navide\u00f1o del pr\u00f3ximo 24 de noviembre se contar\u00e1 con los grupos Black Power, Ali Telez y su Grupo Telechikoz y el Grupo RMT, evento totalmente gratuito.&nbsp; El Ayuntamiento de Chiautempan en coordinaci\u00f3n con Grupo Textil Providencia, presentaron el programa general del Festival \u201cVilla de los Sue\u00f1os Providencia 2023\u201d. En los portales [&hellip;]<\/p>\n","protected":false},"author":1,"featured_media":35398,"comment_status":"open","ping_status":"open","sticky":false,"template":"","format":"standard","meta":{"advanced_seo_description":"","jetpack_seo_html_title":"","jetpack_seo_noindex":false,"footnotes":"","jetpack_publicize_message":"","jetpack_is_tweetstorm":false,"jetpack_publicize_feature_enabled":true,"jetpack_social_post_already_shared":true,"jetpack_social_options":{"image_generator_settings":{"template":"highway","enabled":false}}},"categories":[2,10],"tags":[],"class_list":["post-35397","post","type-post","status-publish","format-standard","has-post-thumbnail","hentry","category-destacadas","category-municipios"],"jetpack_publicize_connections":[],"jetpack_featured_media_url":"https:\/\/elcensornoticias.com\/wp-content\/uploads\/2023\/11\/IMG-20231117-WA0067-rotated.jpg","jetpack_likes_enabled":true,"jetpack_sharing_enabled":true,"jetpack_shortlink":"https:\/\/wp.me\/p6xy50-9cV","_links":{"self":[{"href":"https:\/\/elcensornoticias.com\/index.php?rest_route=\/wp\/v2\/posts\/35397","targetHints":{"allow":["GET"]}}],"collection":[{"href":"https:\/\/elcensornoticias.com\/index.php?rest_route=\/wp\/v2\/posts"}],"about":[{"href":"https:\/\/elcensornoticias.com\/index.php?rest_route=\/wp\/v2\/types\/post"}],"author":[{"embeddable":true,"href":"https:\/\/elcensornoticias.com\/index.php?rest_route=\/wp\/v2\/users\/1"}],"replies":[{"embeddable":true,"href":"https:\/\/elcensornoticias.com\/index.php?rest_route=%2Fwp%2Fv2%2Fcomments&post=35397"}],"version-history":[{"count":1,"href":"https:\/\/elcensornoticias.com\/index.php?rest_route=\/wp\/v2\/posts\/35397\/revisions"}],"predecessor-version":[{"id":35399,"href":"https:\/\/elcensornoticias.com\/index.php?rest_route=\/wp\/v2\/posts\/35397\/revisions\/35399"}],"wp:featuredmedia":[{"embeddable":true,"href":"https:\/\/elcensornoticias.com\/index.php?rest_route=\/wp\/v2\/media\/35398"}],"wp:attachment":[{"href":"https:\/\/elcensornoticias.com\/index.php?rest_route=%2Fwp%2Fv2%2Fmedia&parent=35397"}],"wp:term":[{"taxonomy":"category","embeddable":true,"href":"https:\/\/elcensornoticias.com\/index.php?rest_route=%2Fwp%2Fv2%2Fcategories&post=35397"},{"taxonomy":"post_tag","embeddable":true,"href":"https:\/\/elcensornoticias.com\/index.php?rest_route=%2Fwp%2Fv2%2Ftags&post=35397"}],"curies":[{"name":"wp","href":"https:\/\/api.w.org\/{rel}","templated":true}]}}