{"id":35379,"date":"2023-11-18T00:00:38","date_gmt":"2023-11-18T00:00:38","guid":{"rendered":"http:\/\/elcensornoticias.com\/?p=35379"},"modified":"2023-11-18T00:00:40","modified_gmt":"2023-11-18T00:00:40","slug":"encuentro-de-arte-textil-mexicano-2023-con-pasarela-dedicada-al-telar-de-cintura","status":"publish","type":"post","link":"https:\/\/elcensornoticias.com\/?p=35379","title":{"rendered":"Encuentro de Arte Textil Mexicano 2023\u00a0con pasarela dedicada al telar de cintura"},"content":{"rendered":"\n<p><strong>\u00a0<\/strong><\/p>\n\n\n\n<p>Artesanas y artesanos maestros de textiles, calzado, joyer\u00eda, arte decorativo y m\u00e1s, provenientes de todo el pa\u00eds, por tercera ocasi\u00f3n llenan de vida, color y riqueza cultural el Complejo Cultural Los Pinos para la edici\u00f3n 2023 de ORIGINAL. Encuentro de Arte Textil Mexicano. &nbsp;<\/p>\n\n\n\n<p>En la explanada de la casa Miguel Alem\u00e1n, la noche del jueves 16 de noviembre, un ritual tradicional del buen augurio y permiso dio pie para la ceremonia de inauguraci\u00f3n donde hablantes de las lenguas&nbsp;kumiai, pima, cora, n\u00e1huatl y paipai dieron la bienvenida. Al finalizar, se llev\u00f3 a cabo la&nbsp;primera pasarela dedicada al telar de cintura.&nbsp;<\/p>\n\n\n\n<p>En su mensaje de bienvenida, la secretaria de Cultura del Gobierno de M\u00e9xico, Alejandra Frausto Guerrero, destac\u00f3: \u201cORIGINAL es un homenaje a las culturas que han resistido siglos, que han resistido embates de racismo, de discriminaci\u00f3n, de un intento de borrarlas. Se han conservado con enorme dignidad, fuerza, se\u00f1or\u00edo, con gozo, y vienen a mostrar todos esos elementos que conforman esta segunda piel que son los textiles, que es la ropa que tiene vida, identidad, que son c\u00f3dices, que son historias, que no es una prenda m\u00e1s, son piezas que se han preservado por generaciones\u201d.&nbsp;<\/p>\n\n\n\n<p>Acompa\u00f1anda por la secretaria de Gobernaci\u00f3n, Luisa Mar\u00eda Alcalde Luj\u00e1n, en representaci\u00f3n del presidente de M\u00e9xico, Andr\u00e9s Manuel L\u00f3pez Obrador, Frausto Guerrero dijo que en la cuarta transformaci\u00f3n&nbsp;la fuerza de la cultura se presenta \u201ccomo un eje de transformaci\u00f3n, de desarrollo de los pueblos\u201d.&nbsp;<\/p>\n\n\n\n<p>ORIGINAL es un movimiento cultural cuyo objetivo es crear conciencia sobre el valor de los dise\u00f1os y s\u00edmbolos tradicionales de las comunidades artesanas en el territorio nacional. Como parte de esta iniciativa, se re\u00fanen desde 2021 en Los Pinos&nbsp;artesanas y artesanos mexicanos, hablantes de 31 lenguas originarias, en un gran espacio de venta y exhibici\u00f3n. Adem\u00e1s, participan en foros de di\u00e1logo y en las siete pasarelas con m\u00fasica y guion original. &nbsp;<\/p>\n\n\n\n<p>Al respecto, la encargada de la pol\u00edtica cultural del pa\u00eds dijo que ORIGINAL se rige por una pol\u00edtica de escucha permanente donde las comunidades dicen en qu\u00e9 se desean capacitar, qu\u00e9 mejorar en un espacio como este. Y, el Encuentro de Arte Textil \u201cno es un desfile m\u00e1s, es un puente entre mundos que se hab\u00eda decidido que no se tocaran, que no se respetaran. Este es un encuentro de respeto, de valoraci\u00f3n, por eso est\u00e1 prohibido el regateo, pero tambi\u00e9n la falta de respeto a cualquier persona que est\u00e9 mostrando lo que ha preservado por generaciones\u201d.&nbsp;<\/p>\n\n\n\n<p>A su vez, la subsecretaria de Desarrollo Cultural, Marina N\u00fa\u00f1ez Bespalova, agradeci\u00f3 a las instituciones aliadas, a los 20 maestros y maestras artesanas que son parte del Consejo Asesor ORIGINAL y ofreci\u00f3 algunos datos comprarativos entre la primera edici\u00f3n de 2021 y la que se inaugur\u00f3 la v\u00edspera: \u201cEl evento ORIGINAL ha crecido en presencia de artesanas y artesanos un 84%, de los cuales 26 son premios nacionales. Del 2021 a la fecha, hemos recorrido m\u00e1s de 70 mil kil\u00f3metros para registrar y conocer el trabajo de los creadores tradicionales. De esas visitas surgieron las capacitaciones que se han dado, desde este a\u00f1o, fuera de la Ciudad de M\u00e9xico. En total se han brindado 113 talleres y charlas sobre tem\u00e1ticas diversas\u201d. &nbsp;<\/p>\n\n\n\n<p>Sobre el impacto de este movimiento coment\u00f3: \u201cLos reflejos de este esfuerzo son una mayor presencia de los artesanos de la comunidad ORIGINAL en las redes sociales y medios digitales; en creadores que presentan mejor sus piezas de venta, en negociaciones m\u00e1s igualitarias y justas, en mejores habilidades financieras y en la participaci\u00f3n activa de los artesanos en los &nbsp;foros de ORIGINAL\u201d.&nbsp;<\/p>\n\n\n\n<p>En su oportunidad, el gobernador de Oaxaca, Salom\u00f3n Jara Cruz, salud\u00f3 a los presentes en zapoteco, su lengua materna, y asever\u00f3 que \u201cen nuestros pueblos originarios, en todo el pa\u00eds, hay una gran riqueza de nuestros rincones m\u00e1s apartados, donde nuestros hermanos y hermanas trabajan, crean, dibujan, pintan su mundo, nuestro mundo; y as\u00ed tambi\u00e9n es Oaxaca, con nuestras ocho regiones, 17 culturas\u201d.&nbsp;<\/p>\n\n\n\n<p>Al hacer uso de la voz, las artesanas integrantes del Consejo Original agradecieron este movimiento que les ha permitido dar a conocer su trabajo y el de sus comunidades, adem\u00e1s de abrir las puertas del comercio \u00e9tico y la preservaci\u00f3n de sus tradiciones. &nbsp;<\/p>\n\n\n\n<p>Juana Bravo L\u00e1zaro, artesana y cocinera tradicional de Angahuan, Michoac\u00e1n, dijo: \u201cEs un orgullo ser mujer y trabajar tanto como estoy trabajando. Viajo mucho para llevar a todos los rincones del mundo estas artesan\u00edas y la comida tradicional. Queremos decirles que cuidemos este trabajo que estamos haciendo de generaci\u00f3n en generaci\u00f3n, para que sigamos trabajando y dejar una buena herencia a todos los mexicanos, que este M\u00e9xico siga adelante, las mujeres y hombres artesanos, adelante\u201d. &nbsp;<\/p>\n\n\n\n<p>A su vez, Francisca Palafox Herr\u00e1n, artesana de San Mateo del Mar, Oaxaca, coment\u00f3 la felicidad de volverse a encontrar en este evento con sus colegas y con la gente. \u201cORIGINAL es cultura, arte, es todo lo que somos, lo que trabajamos original desde nuestra casa, en nuestro taller. Original somos nosotros, los artesanos, cada prenda que hacemos es original de cada uno, lo que nace de nuestro coraz\u00f3n, de cada mente, de cada pensamiento, de cada hombre o mujer. Cada uno de ustedes que compra, &nbsp;los que llevan puesto una pieza que hicimos, lleva puesta una pieza original de la mano del artesano, acobijado la mano del artesano. Llevan en el cuerpo, lo sienten en la tela, en las texturas, en en los colores, en las figuras llevan el recuerdo de cada artesano porque nosotros cuando trabajamos damos el cuerpo, el alma, la mente, damos el coraz\u00f3n y trabajamos con orgullo y con gusto\u201d. &nbsp;<\/p>\n\n\n\n<p>Victorina L\u00f3pez Hilario, artesana de Xochistlahuaca, Guerrero, dijo: \u201cORIGINAL&nbsp; somos nosotras y es nuestro trabajo y es aqu\u00ed donde dan espacio para mostrar la artesan\u00eda\u2026 Gracias a todas las personas que compran cosas originales\u201d. &nbsp;<\/p>\n\n\n\n<p>En la edici\u00f3n 2023 de&nbsp;ORIGINAL. Encuentro de Arte Textil Mexicano, que se lleva a cabo hasta el 19 de noviembre de 2023, se dan cita las 32 entidades del pa\u00eds a trav\u00e9s de mil artesanas y artesanos dedicados a textiles, joyer\u00eda, accesorios, especialistas en tintes naturales y arte decorativo, representantes de las 32 entidades del pa\u00eds, cuyos dise\u00f1os se exhibir\u00e1n en siete pasarelas y estar\u00e1n a la venta al p\u00fablico en m\u00e1s de 7000 metros cuadrados del&nbsp;Complejo Cultural Los Pinos.&nbsp;<\/p>\n\n\n\n<p>Las siete pasarelas muestran la diversidad y riqueza de las y los maestros de arte textil. El guion fue creado por artesanas y artesanos junto con el dramaturgo Antonio Z\u00fa\u00f1iga Chaparro. La composici\u00f3n musical est\u00e1 a cargo de Alfonso Figueroa.&nbsp;<\/p>\n\n\n\n<p>En la primera de ellas, titulada \u201cEl huipil y el telar de cintura\u201d<em>,&nbsp;<\/em>desfilaron piezas de Michoac\u00e1n, Oaxaca, Guerrero, Puebla, Chihuahua, Chiapas, Hidalgo, Veracruz, Estado de M\u00e9xico y San Luis Potos\u00ed. Y, en la parte esc\u00e9nica participaron tres integrantes del Semillero Creativo de Teatro en Tlalnepantla de Baz, Estado de M\u00e9xico, y siete del Semillero Creativo de Teatro y danza en Ecatepec de Morelos, Estado de M\u00e9xico. &nbsp;<\/p>\n\n\n\n<p>Adem\u00e1s, Original va tambi\u00e9n por Acapulco. La primera pasarela cerr\u00f3 con la presencia de los clavadistas de La Quebrada como un acto simb\u00f3lico. Cabe mencionar que, en Plaza Jacarandas habr\u00e1 venta de artesan\u00edas, alimentos t\u00edpicos de la regi\u00f3n, fandango; en Sal\u00f3n Acapulco adem\u00e1s se contar\u00e1 con lo mejor del arte tradicional guerrerense. &nbsp;<\/p>\n\n\n\n<p>Por primera ocasi\u00f3n, este encuentro crea el programa Original Escuincles, dedicado a las ni\u00f1as y ni\u00f1os, donde podr\u00e1n descubrir, cuidar y entretejer ideas y sentimientos alrededor de la riqueza cultural de nuestro pa\u00eds con talleres, m\u00fasica, cine, recorridos por exposiciones, proyecciones y activaciones que invitar\u00e1n a la participaci\u00f3n colectiva, el juego, y el reconocimiento y cuidado de nuestro patrimonio cultural.&nbsp;<\/p>\n\n\n\n<p>El acceso a todas las actividades de ORIGINAL es gratuito. Se invita a las personas asistentes a no regatear durante las compras. Quien tenga inter\u00e9s en acudir a los foros podr\u00e1 hacerlo en la Casa de la Palabra, o bien, consultarlos en l\u00ednea a trav\u00e9s de las redes sociales de la Secretar\u00eda de Cultura federal y de Original. Las pasarelas se transmiten tambi\u00e9n a trav\u00e9s de Canal 22, a las 17:00 y 19:00 horas. &nbsp;<\/p>\n\n\n\n<p>El programa completo de actividades de la edici\u00f3n 2023 de ORIGINAL se encuentra disponible en&nbsp;<a href=\"https:\/\/original.cultura.gob.mx\/programa\" target=\"_blank\" rel=\"noreferrer noopener\">https:\/\/original.cultura.gob.mx\/programa<\/a><a href=\"https:\/\/original.cultura.gob.mx\/programa\" target=\"_blank\" rel=\"noreferrer noopener\">&nbsp;<\/a><\/p>\n","protected":false},"excerpt":{"rendered":"<p>\u00a0 Artesanas y artesanos maestros de textiles, calzado, joyer\u00eda, arte decorativo y m\u00e1s, provenientes de todo el pa\u00eds, por tercera ocasi\u00f3n llenan de vida, color y riqueza cultural el Complejo Cultural Los Pinos para la edici\u00f3n 2023 de ORIGINAL. Encuentro de Arte Textil Mexicano. &nbsp; En la explanada de la casa Miguel Alem\u00e1n, la noche [&hellip;]<\/p>\n","protected":false},"author":1,"featured_media":35380,"comment_status":"open","ping_status":"open","sticky":false,"template":"","format":"standard","meta":{"advanced_seo_description":"","jetpack_seo_html_title":"","jetpack_seo_noindex":false,"footnotes":"","jetpack_publicize_message":"","jetpack_is_tweetstorm":false,"jetpack_publicize_feature_enabled":true,"jetpack_social_post_already_shared":true,"jetpack_social_options":{"image_generator_settings":{"template":"highway","enabled":false}}},"categories":[26,4],"tags":[],"class_list":["post-35379","post","type-post","status-publish","format-standard","has-post-thumbnail","hentry","category-cultura","category-noticias"],"jetpack_publicize_connections":[],"jetpack_featured_media_url":"https:\/\/elcensornoticias.com\/wp-content\/uploads\/2023\/11\/PHOTO-2023-11-16-21-02-425.jpg","jetpack_likes_enabled":true,"jetpack_sharing_enabled":true,"jetpack_shortlink":"https:\/\/wp.me\/p6xy50-9cD","_links":{"self":[{"href":"https:\/\/elcensornoticias.com\/index.php?rest_route=\/wp\/v2\/posts\/35379","targetHints":{"allow":["GET"]}}],"collection":[{"href":"https:\/\/elcensornoticias.com\/index.php?rest_route=\/wp\/v2\/posts"}],"about":[{"href":"https:\/\/elcensornoticias.com\/index.php?rest_route=\/wp\/v2\/types\/post"}],"author":[{"embeddable":true,"href":"https:\/\/elcensornoticias.com\/index.php?rest_route=\/wp\/v2\/users\/1"}],"replies":[{"embeddable":true,"href":"https:\/\/elcensornoticias.com\/index.php?rest_route=%2Fwp%2Fv2%2Fcomments&post=35379"}],"version-history":[{"count":1,"href":"https:\/\/elcensornoticias.com\/index.php?rest_route=\/wp\/v2\/posts\/35379\/revisions"}],"predecessor-version":[{"id":35381,"href":"https:\/\/elcensornoticias.com\/index.php?rest_route=\/wp\/v2\/posts\/35379\/revisions\/35381"}],"wp:featuredmedia":[{"embeddable":true,"href":"https:\/\/elcensornoticias.com\/index.php?rest_route=\/wp\/v2\/media\/35380"}],"wp:attachment":[{"href":"https:\/\/elcensornoticias.com\/index.php?rest_route=%2Fwp%2Fv2%2Fmedia&parent=35379"}],"wp:term":[{"taxonomy":"category","embeddable":true,"href":"https:\/\/elcensornoticias.com\/index.php?rest_route=%2Fwp%2Fv2%2Fcategories&post=35379"},{"taxonomy":"post_tag","embeddable":true,"href":"https:\/\/elcensornoticias.com\/index.php?rest_route=%2Fwp%2Fv2%2Ftags&post=35379"}],"curies":[{"name":"wp","href":"https:\/\/api.w.org\/{rel}","templated":true}]}}