{"id":35371,"date":"2023-11-16T19:36:41","date_gmt":"2023-11-16T19:36:41","guid":{"rendered":"http:\/\/elcensornoticias.com\/?p=35371"},"modified":"2023-11-16T19:36:43","modified_gmt":"2023-11-16T19:36:43","slug":"detiene-policia-de-chiautempan-a-dos-sujetos-por-intento-de-robo-y-danos-a-propiedad-privada","status":"publish","type":"post","link":"https:\/\/elcensornoticias.com\/?p=35371","title":{"rendered":"Detiene Polic\u00eda de Chiautempan a dos sujetos por intento de robo y da\u00f1os a propiedad privada"},"content":{"rendered":"\n<p>Elementos de la Direcci\u00f3n de Seguridad P\u00fablica Municipal, Vialidad y Protecci\u00f3n Civil de Chiautempan, detuvieron a dos masculinos por intento de robo y da\u00f1os a propiedad privada, en espec\u00edfico, a un centro comercial.<\/p>\n\n\n\n<p>El reporte emitido desde el Servicio de Emergencias 911, moviliz\u00f3 a elementos de la corporaci\u00f3n municipal a un conocido centro comercial ubicado en la calle Antonio D\u00edaz Varela, de la zona centro, donde notificaron sobre dos sujetos que hab\u00edan causado destrozos y tambi\u00e9n estaban agrediendo f\u00edsicamente a elementos de Seguridad Privada.<\/p>\n\n\n\n<p>Al arribar al lugar, los uniformados fueron notificados por parte de la Seguridad Privada del centro comercial, sobre dos hombres retenidos que hab\u00edan causado da\u00f1os a la puerta de cristal y momentos antes, hab\u00edan tratado de robar mercanc\u00eda.<\/p>\n\n\n\n<p>Por este movido, los elementos de Seguridad Privada entregaron a Bryan N., y Jonathan N., para ser puestos a disposici\u00f3n de la autoridad competente para los efectos legales correspondientes.<\/p>\n","protected":false},"excerpt":{"rendered":"<p>Elementos de la Direcci\u00f3n de Seguridad P\u00fablica Municipal, Vialidad y Protecci\u00f3n Civil de Chiautempan, detuvieron a dos masculinos por intento de robo y da\u00f1os a propiedad privada, en espec\u00edfico, a un centro comercial. El reporte emitido desde el Servicio de Emergencias 911, moviliz\u00f3 a elementos de la corporaci\u00f3n municipal a un conocido centro comercial ubicado [&hellip;]<\/p>\n","protected":false},"author":1,"featured_media":35372,"comment_status":"open","ping_status":"open","sticky":false,"template":"","format":"standard","meta":{"advanced_seo_description":"","jetpack_seo_html_title":"","jetpack_seo_noindex":false,"footnotes":"","jetpack_publicize_message":"","jetpack_is_tweetstorm":false,"jetpack_publicize_feature_enabled":true,"jetpack_social_post_already_shared":true,"jetpack_social_options":{"image_generator_settings":{"template":"highway","enabled":false}}},"categories":[2,10],"tags":[],"class_list":["post-35371","post","type-post","status-publish","format-standard","has-post-thumbnail","hentry","category-destacadas","category-municipios"],"jetpack_publicize_connections":[],"jetpack_featured_media_url":"https:\/\/elcensornoticias.com\/wp-content\/uploads\/2023\/11\/Screenshot_20231116_122842-1.jpg","jetpack_likes_enabled":true,"jetpack_sharing_enabled":true,"jetpack_shortlink":"https:\/\/wp.me\/p6xy50-9cv","_links":{"self":[{"href":"https:\/\/elcensornoticias.com\/index.php?rest_route=\/wp\/v2\/posts\/35371","targetHints":{"allow":["GET"]}}],"collection":[{"href":"https:\/\/elcensornoticias.com\/index.php?rest_route=\/wp\/v2\/posts"}],"about":[{"href":"https:\/\/elcensornoticias.com\/index.php?rest_route=\/wp\/v2\/types\/post"}],"author":[{"embeddable":true,"href":"https:\/\/elcensornoticias.com\/index.php?rest_route=\/wp\/v2\/users\/1"}],"replies":[{"embeddable":true,"href":"https:\/\/elcensornoticias.com\/index.php?rest_route=%2Fwp%2Fv2%2Fcomments&post=35371"}],"version-history":[{"count":1,"href":"https:\/\/elcensornoticias.com\/index.php?rest_route=\/wp\/v2\/posts\/35371\/revisions"}],"predecessor-version":[{"id":35373,"href":"https:\/\/elcensornoticias.com\/index.php?rest_route=\/wp\/v2\/posts\/35371\/revisions\/35373"}],"wp:featuredmedia":[{"embeddable":true,"href":"https:\/\/elcensornoticias.com\/index.php?rest_route=\/wp\/v2\/media\/35372"}],"wp:attachment":[{"href":"https:\/\/elcensornoticias.com\/index.php?rest_route=%2Fwp%2Fv2%2Fmedia&parent=35371"}],"wp:term":[{"taxonomy":"category","embeddable":true,"href":"https:\/\/elcensornoticias.com\/index.php?rest_route=%2Fwp%2Fv2%2Fcategories&post=35371"},{"taxonomy":"post_tag","embeddable":true,"href":"https:\/\/elcensornoticias.com\/index.php?rest_route=%2Fwp%2Fv2%2Ftags&post=35371"}],"curies":[{"name":"wp","href":"https:\/\/api.w.org\/{rel}","templated":true}]}}