{"id":35368,"date":"2023-11-16T19:32:39","date_gmt":"2023-11-16T19:32:39","guid":{"rendered":"http:\/\/elcensornoticias.com\/?p=35368"},"modified":"2023-11-16T19:32:42","modified_gmt":"2023-11-16T19:32:42","slug":"la-travesia-de-la-pequena-amal-llega-al-complejo-cultural-los-pinos-2","status":"publish","type":"post","link":"https:\/\/elcensornoticias.com\/?p=35368","title":{"rendered":"La traves\u00eda de la peque\u00f1a Amal llega al Complejo Cultural Los Pinos\u00a0"},"content":{"rendered":"\n<ul class=\"wp-block-list\">\n<li><strong>La marioneta, coraz\u00f3n del proyecto ingl\u00e9s The walk (La caminata), sigue su camino en M\u00e9xico invitando a la reflexi\u00f3n el s\u00e1bado 18 de noviembre de 2023, a las 15:30 horas en la Hondonada<\/strong><\/li>\n<\/ul>\n\n\n\n<p>La traves\u00eda de la peque\u00f1a Amal seguir\u00e1 su visita en M\u00e9xico el s\u00e1bado 18 de noviembre de 2023, cuando llegue a las 15:30 horas al Complejo Cultural Los Pinos, para acompa\u00f1ar la programaci\u00f3n infantil de ORIGINAL Escuincles.<\/p>\n\n\n\n<p>Amal es una marioneta de 3.6 metros de altura inspirada en la figura de las mojigangas mexicanas, as\u00ed como en un personaje de la obra de teatro The Jungle, de Joe Murphy y Joe Robertson, que trata sobre un campo de refugiados en Calais, Francia. Fue dise\u00f1ada y construida por Handspring Puppet Company, por encargo de The Walk Productions.<\/p>\n\n\n\n<p>As\u00ed, esta marioneta representa a una ni\u00f1a siria refugiada de 10 a\u00f1os, que ha recorrido m\u00e1s de 120 ciudades en 14 pa\u00edses de Europa y Am\u00e9rica del Norte convirti\u00e9ndose en un s\u00edmbolo de los derechos humanos, especialmente de las infancias y adolescencias.<\/p>\n\n\n\n<p>Desde 2021, la peque\u00f1a Amal ha llevado con ella un mensaje de esperanza, tolerancia y solidaridad con miles de personas que se han visto forzadas a dejar su hogar a causa de las guerras, la violencia y la persecuci\u00f3n.&nbsp;<\/p>\n\n\n\n<p>Luego de su visita por Estados Unidos, este mes de noviembre, La traves\u00eda de la peque\u00f1a Amal llega a M\u00e9xico -el primer pa\u00eds latinoamericano en su largo recorrido desde Turqu\u00eda- para reunirse con ni\u00f1as, ni\u00f1os, j\u00f3venes, migrantes y refugiados de Tijuana, Monterrey, Guadalajara, Zapopan, Ciudad de M\u00e9xico, Oaxaca y Tapachula, en busca de crear conciencia sobre los momentos dif\u00edciles que viven las personas obligadas a abandonar su lugar de origen.&nbsp;<\/p>\n\n\n\n<p>De acuerdo con la Organizaci\u00f3n de las Naciones Unidas, la visita de la peque\u00f1a Amal representa la vida de millones de ni\u00f1as, ni\u00f1os y adolescentes desplazados en M\u00e9xico y el mundo, mientras nos recuerda -a trav\u00e9s de esta celebraci\u00f3n de la diversidad cultural y de solidaridad internacional- que los derechos de ni\u00f1as, ni\u00f1os y adolescentes deben ser respetados en todo lugar.<\/p>\n\n\n\n<p>Con este esp\u00edritu, La traves\u00eda de la peque\u00f1a Amal llega a ORIGINAL Escuincles, como parte de las actividades dirigidas a ni\u00f1as, ni\u00f1os y j\u00f3venes dentro de ORIGINAL. Encuentro de Arte Textil Mexicano, que se llevar\u00e1 a cabo del 16 al 19 de noviembre en la Hondonada del Complejo Cultural Los Pinos, en donde se espera el arribo de esta marioneta viajera el pr\u00f3ximo s\u00e1bado 18 de noviembre a las 15:30 horas.<\/p>\n\n\n\n<p>Durante su recorrido por Los Pinos, la peque\u00f1a Amal estar\u00e1 acompa\u00f1ada por el Pasacalles de Mojigangas con banda de m\u00fasica en vivo a cargo de los Semilleros Creativos del programa Cultura Comunitaria, provenientes de Tlayacapan y Tlalnepantla, Morelos.&nbsp;<\/p>\n\n\n\n<p>A ellos se unir\u00e1n tambi\u00e9n ni\u00f1as y ni\u00f1os de las Casas Hogar en Ciudad de M\u00e9xico, del Sistema Nacional para el Desarrollo Integral de la Familia (DIF Nacional); adem\u00e1s de integrantes de la Red Nacional de DIFusores Impulsores de la Transformaci\u00f3n, integrada por infancias y adolescencias&nbsp; quienes difunden y promueven sus derechos a trav\u00e9s de diferentes acciones culturales que les permiten&nbsp; expresar sus opiniones incidiendo activamente en los temas de la vida p\u00fablica de sus comunidades.<\/p>\n\n\n\n<p>Cabe recordar que ORIGINAL es un movimiento cultural que tiene el objetivo de proteger y preservar los dise\u00f1os y s\u00edmbolos tradicionales de las comunidades artesanas en el territorio nacional, como parte de esta iniciativa, se re\u00fanen en Los Pinos m\u00e1s de mil artesanas y artesanos mexicanos para el Encuentro de Arte Textil Mexicano 2023, donde habr\u00e1 expoventa, foros, exposiciones, capacitaciones y m\u00e1s.&nbsp;<\/p>\n\n\n\n<p>En tanto que, en ORIGINAL Escuincles, ni\u00f1as y ni\u00f1os podr\u00e1n descubrir, cuidar y entretejer ideas y sentimientos alrededor de la riqueza cultural de nuestro pa\u00eds con talleres, conciertos, recorridos por exposiciones, proyecciones y activaciones que invitar\u00e1n a la participaci\u00f3n colectiva, el juego y el reconocimiento y cuidado de nuestro patrimonio cultural.<\/p>\n\n\n\n<p>Su programaci\u00f3n est\u00e1 a cargo del Centro Cultural Hel\u00e9nico, el Centro Nacional de las Artes, los Semilleros Creativos del programa Cultura Comunitaria y el programa nacional Alas y Ra\u00edces.&nbsp;<\/p>\n\n\n\n<p>El Complejo Cultural Los Pinos se ubica en Molino del Rey 252, Bosque de Chapultepec, 1a. Secci\u00f3n, Miguel Hidalgo, Ciudad de M\u00e9xico. La entrada a todas las actividades es libre y gratuita.<\/p>\n\n\n\n<p>La programaci\u00f3n de Alas y Ra\u00edces de \u201cORIGINAL Escuincles\u201d puede consultarse en https:\/\/alasyraices.gob.mx\/original-escuincles.pdf y en el sitio www.mexicoescultura.com&nbsp;<\/p>\n\n\n\n<p>El programa completo de actividades de la edici\u00f3n 2023 de ORIGINAL se encuentra disponible en https:\/\/original.cultura.gob.mx\/programa&nbsp;<\/p>\n\n\n\n<p>Sigue las redes sociales de Alas y Ra\u00edces en Facebook: Alas y Ra\u00edces MX; en X (@AlasyRaices), Instagram y YouTube (@alasyraicescultura).&nbsp;<\/p>\n","protected":false},"excerpt":{"rendered":"<p>La traves\u00eda de la peque\u00f1a Amal seguir\u00e1 su visita en M\u00e9xico el s\u00e1bado 18 de noviembre de 2023, cuando llegue a las 15:30 horas al Complejo Cultural Los Pinos, para acompa\u00f1ar la programaci\u00f3n infantil de ORIGINAL Escuincles. Amal es una marioneta de 3.6 metros de altura inspirada en la figura de las mojigangas mexicanas, as\u00ed [&hellip;]<\/p>\n","protected":false},"author":1,"featured_media":35369,"comment_status":"open","ping_status":"open","sticky":false,"template":"","format":"standard","meta":{"advanced_seo_description":"","jetpack_seo_html_title":"","jetpack_seo_noindex":false,"footnotes":"","jetpack_publicize_message":"","jetpack_is_tweetstorm":false,"jetpack_publicize_feature_enabled":true,"jetpack_social_post_already_shared":true,"jetpack_social_options":{"image_generator_settings":{"template":"highway","enabled":false}}},"categories":[26,4],"tags":[],"class_list":["post-35368","post","type-post","status-publish","format-standard","has-post-thumbnail","hentry","category-cultura","category-noticias"],"jetpack_publicize_connections":[],"jetpack_featured_media_url":"https:\/\/elcensornoticias.com\/wp-content\/uploads\/2023\/11\/original-269C9972-0E0A-4EA1-BAC0-B2779ABBFD16-1.jpeg","jetpack_likes_enabled":true,"jetpack_sharing_enabled":true,"jetpack_shortlink":"https:\/\/wp.me\/p6xy50-9cs","_links":{"self":[{"href":"https:\/\/elcensornoticias.com\/index.php?rest_route=\/wp\/v2\/posts\/35368","targetHints":{"allow":["GET"]}}],"collection":[{"href":"https:\/\/elcensornoticias.com\/index.php?rest_route=\/wp\/v2\/posts"}],"about":[{"href":"https:\/\/elcensornoticias.com\/index.php?rest_route=\/wp\/v2\/types\/post"}],"author":[{"embeddable":true,"href":"https:\/\/elcensornoticias.com\/index.php?rest_route=\/wp\/v2\/users\/1"}],"replies":[{"embeddable":true,"href":"https:\/\/elcensornoticias.com\/index.php?rest_route=%2Fwp%2Fv2%2Fcomments&post=35368"}],"version-history":[{"count":1,"href":"https:\/\/elcensornoticias.com\/index.php?rest_route=\/wp\/v2\/posts\/35368\/revisions"}],"predecessor-version":[{"id":35370,"href":"https:\/\/elcensornoticias.com\/index.php?rest_route=\/wp\/v2\/posts\/35368\/revisions\/35370"}],"wp:featuredmedia":[{"embeddable":true,"href":"https:\/\/elcensornoticias.com\/index.php?rest_route=\/wp\/v2\/media\/35369"}],"wp:attachment":[{"href":"https:\/\/elcensornoticias.com\/index.php?rest_route=%2Fwp%2Fv2%2Fmedia&parent=35368"}],"wp:term":[{"taxonomy":"category","embeddable":true,"href":"https:\/\/elcensornoticias.com\/index.php?rest_route=%2Fwp%2Fv2%2Fcategories&post=35368"},{"taxonomy":"post_tag","embeddable":true,"href":"https:\/\/elcensornoticias.com\/index.php?rest_route=%2Fwp%2Fv2%2Ftags&post=35368"}],"curies":[{"name":"wp","href":"https:\/\/api.w.org\/{rel}","templated":true}]}}