{"id":35335,"date":"2023-11-16T00:56:49","date_gmt":"2023-11-16T00:56:49","guid":{"rendered":"http:\/\/elcensornoticias.com\/?p=35335"},"modified":"2023-11-16T00:56:51","modified_gmt":"2023-11-16T00:56:51","slug":"encuentro-de-arte-textil-mexicano-2023-se-transmite-en-vivo-por-canal-22","status":"publish","type":"post","link":"https:\/\/elcensornoticias.com\/?p=35335","title":{"rendered":"Encuentro de Arte Textil Mexicano 2023 se transmite en vivo por Canal 22"},"content":{"rendered":"\n<ul class=\"wp-block-list\">\n<li><strong>Del 16 al 19 de noviembre de 2023, el canal cultural transmitir\u00e1 en vivo las siete pasarelas que conforman el programa<\/strong><\/li>\n\n\n\n<li><strong>La inauguraci\u00f3n se podr\u00e1 seguir el jueves 16, a las 18:00 horas<\/strong><\/li>\n\n\n\n<li><a><strong>Sintoniza la se\u00f1al 22.1,&nbsp;<\/strong><\/a><a href=\"https:\/\/www.canal22.org.mx\/#streaming\" target=\"_blank\" rel=\"noreferrer noopener\"><strong><em>streaming<\/em><\/strong><\/a><strong>&nbsp;en el sitio web,&nbsp;<\/strong><a href=\"https:\/\/www.facebook.com\/Canal22Mexico?locale=es_LA\" target=\"_blank\" rel=\"noreferrer noopener\"><strong>Facebook Live<\/strong><\/a><strong>&nbsp;y&nbsp;<\/strong><a href=\"https:\/\/www.youtube.com\/channel\/UCwFaHK7ir817prgY5Y-qemw\" target=\"_blank\" rel=\"noreferrer noopener\"><strong>YouTube<\/strong><\/a><strong>&nbsp;de la televisora<\/strong><\/li>\n<\/ul>\n\n\n\n<p>Por tercer a\u00f1o consecutivo, Canal 22, instituci\u00f3n de la Secretar\u00eda de Cultura del Gobierno de M\u00e9xico, transmitir\u00e1 en vivo las ceremonias de inauguraci\u00f3n y clausura y las pasarelas de ORIGINAL. Encuentro de Arte Textil Mexicano 2023, que se llevar\u00e1 a cabo desde el Complejo Cultural Los Pinos del 16 al 19 de noviembre.<\/p>\n\n\n\n<p>ORIGINAL es un movimiento cultural que tiene el objetivo de proteger y preservar los dise\u00f1os y s\u00edmbolos tradicionales de las comunidades artesanas en el territorio nacional, como parte de esta iniciativa, se re\u00fanen en Los Pinos&nbsp;m\u00e1s de mil artesanas y artesanos mexicanos, hablantes de 31 lenguas originarias, algunas en peligro de desaparecer como el kumiai, paipai, seri o cucap\u00e1.<\/p>\n\n\n\n<p>Tendr\u00e1 espacios dedicados a la venta y exhibici\u00f3n de textiles, joyer\u00eda, accesorios y arte decorativo. Adem\u00e1s, en su tercera edici\u00f3n abre un espacio dedicado a las infancias y juventudes con ORIGINAL Escuincles, con talleres, teatro, m\u00fasica y cine, que busca acercar a las nuevas generaciones a reconocer el valor del patrimonio cultural, esto, como seguimiento a la inclusi\u00f3n de la artesana veracruzana de 10 a\u00f1os de edad \u00c1ngeles Serrano Carvajal, al Consejo Asesor, siendo la representante m\u00e1s joven que defiende su labor.<\/p>\n\n\n\n<p>La se\u00f1al 22.1 de Canal 22, el&nbsp;<a href=\"https:\/\/www.canal22.org.mx\/#streaming\" target=\"_blank\" rel=\"noreferrer noopener\"><em>streaming<\/em><\/a>&nbsp;en el sitio web, en&nbsp;<a href=\"https:\/\/www.facebook.com\/Canal22Mexico?locale=es_LA\" target=\"_blank\" rel=\"noreferrer noopener\">Facebook Live<\/a>&nbsp;y en el canal&nbsp;<a href=\"https:\/\/www.youtube.com\/channel\/UCwFaHK7ir817prgY5Y-qemw\" target=\"_blank\" rel=\"noreferrer noopener\">YouTube<\/a>&nbsp;de la televisora ser\u00e1n las v\u00edas para disfrutar en vivo de la inauguraci\u00f3n de ORIGINAL 2023 el jueves 16 de noviembre a las 18:00 horas y de la primera pasarela, a las 19:00 horas. Posteriormente, del 17 al 19 de noviembre, se podr\u00e1n disfrutar dos pasarelas por d\u00eda, a las 17:00 y a las 19:00 horas.<\/p>\n\n\n\n<p>Las pasarelas se inspiran en la herencia textil entre generaciones. Cuentan con guion y direcci\u00f3n art\u00edstica del dramaturgo Antonio Z\u00fa\u00f1iga Chaparro, la composici\u00f3n musical de Alfonso Figueroa y la conducci\u00f3n de la actriz M\u00f3nica del Carmen.<\/p>\n\n\n\n<ul class=\"wp-block-list\">\n<li><strong>Pasarela 1. El Huipil y el telar de cintura |&nbsp;<\/strong>jueves 16 de noviembre, 19<a>:00 horas<\/a><\/li>\n\n\n\n<li><strong>Pasarela 2. Ceremonia a la Luna |&nbsp;<\/strong>viernes 17 de noviembre, 17:00 horas.<\/li>\n\n\n\n<li><strong>Pasarela 3. Quexqu\u00e9metl de boda |&nbsp;<\/strong>viernes 17 de noviembre, 19:00 horas.<\/li>\n\n\n\n<li><strong>Pasarela 4. La urdimbre y la trama |&nbsp;<\/strong>s\u00e1bado 18 de noviembre, 17:00 horas.<\/li>\n\n\n\n<li><strong>Pasarela 5. Los adornos de la vida |&nbsp;<\/strong>s\u00e1bado 18 de noviembre, 19:00 horas.<\/li>\n\n\n\n<li><strong>Pasarela 6. El caracol del tiempo |&nbsp;<\/strong>domingo 19 de noviembre, 17:00 horas.<\/li>\n\n\n\n<li><strong>Pasarela 7. Telares |&nbsp;<\/strong>domingo 19 de noviembre, 19:00 horas.<\/li>\n<\/ul>\n\n\n\n<p>Las mejores transmisiones especiales por Canal 22, el Canal Cultural de M\u00e9xico.<\/p>\n","protected":false},"excerpt":{"rendered":"<p>Por tercer a\u00f1o consecutivo, Canal 22, instituci\u00f3n de la Secretar\u00eda de Cultura del Gobierno de M\u00e9xico, transmitir\u00e1 en vivo las ceremonias de inauguraci\u00f3n y clausura y las pasarelas de ORIGINAL. Encuentro de Arte Textil Mexicano 2023, que se llevar\u00e1 a cabo desde el Complejo Cultural Los Pinos del 16 al 19 de noviembre. ORIGINAL es [&hellip;]<\/p>\n","protected":false},"author":1,"featured_media":35336,"comment_status":"open","ping_status":"open","sticky":false,"template":"","format":"standard","meta":{"advanced_seo_description":"","jetpack_seo_html_title":"","jetpack_seo_noindex":false,"footnotes":"","jetpack_publicize_message":"","jetpack_is_tweetstorm":false,"jetpack_publicize_feature_enabled":true,"jetpack_social_post_already_shared":true,"jetpack_social_options":{"image_generator_settings":{"template":"highway","enabled":false}}},"categories":[26,4],"tags":[],"class_list":["post-35335","post","type-post","status-publish","format-standard","has-post-thumbnail","hentry","category-cultura","category-noticias"],"jetpack_publicize_connections":[],"jetpack_featured_media_url":"https:\/\/elcensornoticias.com\/wp-content\/uploads\/2023\/11\/original-CCB7BFFE-D3D0-4A6E-B385-0DBEE27FEA5E.jpeg","jetpack_likes_enabled":true,"jetpack_sharing_enabled":true,"jetpack_shortlink":"https:\/\/wp.me\/p6xy50-9bV","_links":{"self":[{"href":"https:\/\/elcensornoticias.com\/index.php?rest_route=\/wp\/v2\/posts\/35335","targetHints":{"allow":["GET"]}}],"collection":[{"href":"https:\/\/elcensornoticias.com\/index.php?rest_route=\/wp\/v2\/posts"}],"about":[{"href":"https:\/\/elcensornoticias.com\/index.php?rest_route=\/wp\/v2\/types\/post"}],"author":[{"embeddable":true,"href":"https:\/\/elcensornoticias.com\/index.php?rest_route=\/wp\/v2\/users\/1"}],"replies":[{"embeddable":true,"href":"https:\/\/elcensornoticias.com\/index.php?rest_route=%2Fwp%2Fv2%2Fcomments&post=35335"}],"version-history":[{"count":1,"href":"https:\/\/elcensornoticias.com\/index.php?rest_route=\/wp\/v2\/posts\/35335\/revisions"}],"predecessor-version":[{"id":35337,"href":"https:\/\/elcensornoticias.com\/index.php?rest_route=\/wp\/v2\/posts\/35335\/revisions\/35337"}],"wp:featuredmedia":[{"embeddable":true,"href":"https:\/\/elcensornoticias.com\/index.php?rest_route=\/wp\/v2\/media\/35336"}],"wp:attachment":[{"href":"https:\/\/elcensornoticias.com\/index.php?rest_route=%2Fwp%2Fv2%2Fmedia&parent=35335"}],"wp:term":[{"taxonomy":"category","embeddable":true,"href":"https:\/\/elcensornoticias.com\/index.php?rest_route=%2Fwp%2Fv2%2Fcategories&post=35335"},{"taxonomy":"post_tag","embeddable":true,"href":"https:\/\/elcensornoticias.com\/index.php?rest_route=%2Fwp%2Fv2%2Ftags&post=35335"}],"curies":[{"name":"wp","href":"https:\/\/api.w.org\/{rel}","templated":true}]}}